{"id":2861,"count":1,"description":"","link":"https:\/\/blogdodanielgalvao.com.br\/site\/tag\/edicao-do-rio-das-ostras-jazz-blues-festival-contara-com-acoes-de-sustentabilidade\/","name":"Edi\u00e7\u00e3o do Rio das Ostras Jazz &amp; Blues Festival contar\u00e1 com a\u00e7\u00f5es de sustentabilidade","slug":"edicao-do-rio-das-ostras-jazz-blues-festival-contara-com-acoes-de-sustentabilidade","taxonomy":"post_tag","meta":[],"_links":{"self":[{"href":"https:\/\/blogdodanielgalvao.com.br\/site\/wp-json\/wp\/v2\/tags\/2861","targetHints":{"allow":["GET"]}}],"collection":[{"href":"https:\/\/blogdodanielgalvao.com.br\/site\/wp-json\/wp\/v2\/tags"}],"about":[{"href":"https:\/\/blogdodanielgalvao.com.br\/site\/wp-json\/wp\/v2\/taxonomies\/post_tag"}],"wp:post_type":[{"href":"https:\/\/blogdodanielgalvao.com.br\/site\/wp-json\/wp\/v2\/posts?tags=2861"}],"curies":[{"name":"wp","href":"https:\/\/api.w.org\/{rel}","templated":true}]}}