{"id":2776,"count":1,"description":"","link":"https:\/\/blogdodanielgalvao.com.br\/site\/tag\/cabo-frio-promove-revitalizacao-da-praia-do-pero\/","name":"Cabo Frio promove revitaliza\u00e7\u00e3o da Praia do Per\u00f3","slug":"cabo-frio-promove-revitalizacao-da-praia-do-pero","taxonomy":"post_tag","meta":[],"_links":{"self":[{"href":"https:\/\/blogdodanielgalvao.com.br\/site\/wp-json\/wp\/v2\/tags\/2776","targetHints":{"allow":["GET"]}}],"collection":[{"href":"https:\/\/blogdodanielgalvao.com.br\/site\/wp-json\/wp\/v2\/tags"}],"about":[{"href":"https:\/\/blogdodanielgalvao.com.br\/site\/wp-json\/wp\/v2\/taxonomies\/post_tag"}],"wp:post_type":[{"href":"https:\/\/blogdodanielgalvao.com.br\/site\/wp-json\/wp\/v2\/posts?tags=2776"}],"curies":[{"name":"wp","href":"https:\/\/api.w.org\/{rel}","templated":true}]}}