{"id":2077,"count":1,"description":"","link":"https:\/\/blogdodanielgalvao.com.br\/site\/tag\/programa-de-tv-em-praia-de-marica-vai-ao-ar-na-manha-desse-sabado\/","name":"Programa de TV em praia de Maric\u00e1 vai ao ar na manh\u00e3 desse s\u00e1bado","slug":"programa-de-tv-em-praia-de-marica-vai-ao-ar-na-manha-desse-sabado","taxonomy":"post_tag","meta":[],"_links":{"self":[{"href":"https:\/\/blogdodanielgalvao.com.br\/site\/wp-json\/wp\/v2\/tags\/2077","targetHints":{"allow":["GET"]}}],"collection":[{"href":"https:\/\/blogdodanielgalvao.com.br\/site\/wp-json\/wp\/v2\/tags"}],"about":[{"href":"https:\/\/blogdodanielgalvao.com.br\/site\/wp-json\/wp\/v2\/taxonomies\/post_tag"}],"wp:post_type":[{"href":"https:\/\/blogdodanielgalvao.com.br\/site\/wp-json\/wp\/v2\/posts?tags=2077"}],"curies":[{"name":"wp","href":"https:\/\/api.w.org\/{rel}","templated":true}]}}