{"id":1287,"count":1,"description":"","link":"https:\/\/blogdodanielgalvao.com.br\/site\/tag\/rafael-pecanha-denuncia-desvio-de-verbas-da-educacao-em-cabo-frio\/","name":"Rafael Pe\u00e7anha denuncia desvio de verbas da Educa\u00e7\u00e3o em Cabo Frio","slug":"rafael-pecanha-denuncia-desvio-de-verbas-da-educacao-em-cabo-frio","taxonomy":"post_tag","meta":[],"_links":{"self":[{"href":"https:\/\/blogdodanielgalvao.com.br\/site\/wp-json\/wp\/v2\/tags\/1287","targetHints":{"allow":["GET"]}}],"collection":[{"href":"https:\/\/blogdodanielgalvao.com.br\/site\/wp-json\/wp\/v2\/tags"}],"about":[{"href":"https:\/\/blogdodanielgalvao.com.br\/site\/wp-json\/wp\/v2\/taxonomies\/post_tag"}],"wp:post_type":[{"href":"https:\/\/blogdodanielgalvao.com.br\/site\/wp-json\/wp\/v2\/posts?tags=1287"}],"curies":[{"name":"wp","href":"https:\/\/api.w.org\/{rel}","templated":true}]}}