{"id":9685,"date":"2023-12-18T10:09:03","date_gmt":"2023-12-18T13:09:03","guid":{"rendered":"https:\/\/blogdodanielgalvao.com.br\/site\/?p=9685"},"modified":"2023-12-19T10:31:24","modified_gmt":"2023-12-19T13:31:24","slug":"governador-claudio-castro-inaugura-centro-estadual-de-emergencia-em-energia","status":"publish","type":"post","link":"https:\/\/blogdodanielgalvao.com.br\/site\/governador-claudio-castro-inaugura-centro-estadual-de-emergencia-em-energia\/","title":{"rendered":"Governador Cl\u00e1udio Castro inaugura Centro Estadual de Emerg\u00eancia em Energia"},"content":{"rendered":"<p><big>O governador Cl\u00e1udio Castro inaugurou, nesta sexta-feira (15\/12), o Centro Estadual de Emerg\u00eancia em Energia (CEEE). Vinculado \u00e0 Secretaria de Energia e Economia do Mar, o centro vai promover a articula\u00e7\u00e3o t\u00e9cnica com as distribuidoras de energia el\u00e9trica, que atuam em regime de concess\u00e3o, com o objetivo de aprimorar o servi\u00e7o. Uma das atividades da nova unidade \u00e9 cobrar o cumprimento da Resolu\u00e7\u00e3o 1000\/21, da Ag\u00eancia Nacional de Energia El\u00e9trica (Aneel), que determina que servi\u00e7os essenciais, como hospitais e unidades operacionais de seguran\u00e7a (batalh\u00f5es da Pol\u00edcia Militar, quart\u00e9is do Corpo de Bombeiros, delegacias, entre outros), devem ter prioridade no restabelecimento da energia. Para garantir a efetividade do trabalho, Light e Enel manter\u00e3o representantes no centro estadual.<\/big><\/p>\n<p><big>O CEEE funcionar\u00e1 no Centro Integrado de Comando e Controle (CICC). O fornecimento de energia ser\u00e1 monitorado, em tempo real, em todas as regi\u00f5es do estado, ininterruptamente. Do local, t\u00e9cnicos da Secretaria de Energia e Economia do Mar, em parceria com representantes das concession\u00e1rias Light e Enel, acompanhar\u00e3o as interrup\u00e7\u00f5es de energia e o trabalho para o seu restabelecimento. Tamb\u00e9m ter\u00e3o condi\u00e7\u00f5es de repassar \u00e0s unidades estaduais previs\u00f5es sobre o retorno de energia, auxiliando na tomada de decis\u00e3o de gestores de hospitais e unidades de seguran\u00e7a, por exemplo.\u00a0<\/big><\/p>\n<p><big>\u2013 Esses indicadores s\u00e3o imprescind\u00edveis para garantir mais qualidade no fornecimento de energia \u00e0 popula\u00e7\u00e3o fluminense. Hoje, quando falta luz, n\u00e3o h\u00e1 informa\u00e7\u00e3o precisa. O diretor de um hospital n\u00e3o sabe se a interrup\u00e7\u00e3o levar\u00e1 30 minutos, quatro horas ou o dia inteiro. Ele precisa dessa informa\u00e7\u00e3o para calcular a utiliza\u00e7\u00e3o do gerador, organizar os tratamentos e at\u00e9 a necessidade de transfer\u00eancia de pacientes. O comandante de um batalh\u00e3o tamb\u00e9m precisa saber por quanto tempo determinada regi\u00e3o ficar\u00e1 sem luz, para refor\u00e7ar seu efetivo no local e evitar a ocorr\u00eancia de roubos e furtos \u2013 afirmou o governador Cl\u00e1udio Castro.\u00a0<\/big><\/p>\n<p><big>A fiscaliza\u00e7\u00e3o do fornecimento de energia el\u00e9trica \u00e9 uma atribui\u00e7\u00e3o federal, que cabe \u00e0 Aneel. Atualmente, as concession\u00e1rias contabilizam e informam \u00e0 ag\u00eancia federal o n\u00famero e o tempo das interrup\u00e7\u00f5es do fornecimento de energia.\u00a0<\/big><\/p>\n<p><big>\u2013 A regula\u00e7\u00e3o do fornecimento de energia \u00e9 federal, mas o servi\u00e7o \u00e9 prestado aqui. Quem sabe as mazelas e as dores somos n\u00f3s, o Estado, e os munic\u00edpios. Nosso objetivo \u00e9 trabalhar em conjunto com a Aneel para uma atua\u00e7\u00e3o mais presente na ponta. Acompanhando de perto, com a participa\u00e7\u00e3o de representantes da Light e da Enel, teremos mais condi\u00e7\u00f5es de elaborar propostas de ajustes, solu\u00e7\u00f5es e recomenda\u00e7\u00f5es de a\u00e7\u00f5es preventivas \u2013 afirmou o secret\u00e1rio de Estado de Energia e Economia do Mar, Hugo Leal.\u00a0<\/big><\/p>\n<p><big>Entre as at<\/big><big>ribui\u00e7\u00f5es do Centro Estadual de Emerg\u00eancia em Energia est\u00e3o a an\u00e1lise de cen\u00e1rios de riscos, a identifica\u00e7\u00e3o de dificuldades e obst\u00e1culos que possam afetar a regularidade e a seguran\u00e7a dos servi\u00e7os, al\u00e9m da solicita\u00e7\u00e3o de medidas administrativas e judiciais cab\u00edveis para preservar o interesse p\u00fablico e garantir o aprimoramento dos servi\u00e7os e protocolos. A estrutura montada no CICC permitir\u00e1 ainda a atua\u00e7\u00e3o em cidades com a instala\u00e7\u00e3o de gabinetes de crise para auxiliar os munic\u00edpios, em situa\u00e7\u00f5es de crise.<\/big><\/p>\n<p><strong><big>Inova\u00e7\u00e3o e Seguran\u00e7a: CEEE vai combater interrup\u00e7\u00f5es de energias causadas pelo roubo de cabos<\/big><\/strong><\/p>\n<p><big>O governador Cl\u00e1udio Castro destacou o papel crucial do CEEE na articula\u00e7\u00e3o t\u00e9cnica com as distribuidoras de energia, al\u00e9m de seu poder de monitoramento eficaz, especialmente em rela\u00e7\u00e3o \u00e0s interrup\u00e7\u00f5es causadas por quest\u00f5es de seguran\u00e7a p\u00fablica, como o roubo de cabos.\u00a0<\/big><\/p>\n<p><big>&#8211; O que n\u00f3s queremos, atrav\u00e9s do Centro Estadual de Emerg\u00eancia em Energia, \u00e9 inaugurar um bra\u00e7o energ\u00e9tico do nosso Centro de Comando e Controle. O nosso pr\u00f3ximo passo \u00e9 controlar tamb\u00e9m as interrup\u00e7\u00f5es por quest\u00f5es da seguran\u00e7a p\u00fablica. Estamos conversando com os concession\u00e1rios sobre o roubo de cabos, tanto na parte de modais quanto na parte de energia. Queremos trazer a normalidade ao fornecimento de energia, garantindo que o cidad\u00e3o n\u00e3o fique sem o servi\u00e7o essencial e sem pagar mais por isso \u2013 disse o governador.<\/big><\/p>\n<p><big>O novo centro representa um avan\u00e7o significativo na resposta a situa\u00e7\u00f5es de emerg\u00eancia relacionadas \u00e0 energia, refor\u00e7ando o compromisso do governo estadual com a efici\u00eancia, seguran\u00e7a e bem-estar da popula\u00e7\u00e3o.<\/big><\/p>\n<p><big>&#8211; Essa a\u00e7\u00e3o \u00e9 muito importante para que todos os \u00f3rg\u00e3os do governo estejam integrados, porque as a\u00e7\u00f5es de uma secretaria acabam impactando na miss\u00e3o de outra secretaria. E n\u00e3o foi \u00e0 toa que estabelecemos a sede da Secretaria de Seguran\u00e7a P\u00fablica no CICC. Aqui \u00e9 um hub de tecnologia, todos est\u00e3o aqui, ent\u00e3o a gente consegue dar uma resposta mais r\u00e1pida e efetiva \u00e0s demandas. Energia e \u00e1gua s\u00e3o bens e servi\u00e7os essenciais \u00e0 vida. A Secretaria de Seguran\u00e7a P\u00fablica est\u00e1 atenta a isso, e vai estar junto com as concession\u00e1rias e com as outras secretarias, para que a gente possa entregar uma seguran\u00e7a p\u00fablica eficiente para o Estado &#8211; ressaltou o secret\u00e1rio de Seguran\u00e7a P\u00fablica, Victor dos Santos.<\/big><\/p>\n","protected":false},"excerpt":{"rendered":"<p>O governador Cl\u00e1udio Castro inaugurou, nesta sexta-feira (15\/12), o Centro Estadual de Emerg\u00eancia em Energia (CEEE). Vinculado \u00e0 Secretaria de Energia e Economia do Mar, o centro vai promover a articula\u00e7\u00e3o t\u00e9cnica com as distribuidoras de energia el\u00e9trica, que atuam em regime de concess\u00e3o, com o objetivo de aprimorar o servi\u00e7o. Uma das atividades da [&hellip;]<\/p>\n","protected":false},"author":2,"featured_media":9686,"comment_status":"open","ping_status":"open","sticky":true,"template":"","format":"standard","meta":{"footnotes":""},"categories":[9,1527,304],"tags":[],"class_list":["post-9685","post","type-post","status-publish","format-standard","has-post-thumbnail","hentry","category-estado","category-governo","category-rio-de-janeiro"],"_links":{"self":[{"href":"https:\/\/blogdodanielgalvao.com.br\/site\/wp-json\/wp\/v2\/posts\/9685","targetHints":{"allow":["GET"]}}],"collection":[{"href":"https:\/\/blogdodanielgalvao.com.br\/site\/wp-json\/wp\/v2\/posts"}],"about":[{"href":"https:\/\/blogdodanielgalvao.com.br\/site\/wp-json\/wp\/v2\/types\/post"}],"author":[{"embeddable":true,"href":"https:\/\/blogdodanielgalvao.com.br\/site\/wp-json\/wp\/v2\/users\/2"}],"replies":[{"embeddable":true,"href":"https:\/\/blogdodanielgalvao.com.br\/site\/wp-json\/wp\/v2\/comments?post=9685"}],"version-history":[{"count":1,"href":"https:\/\/blogdodanielgalvao.com.br\/site\/wp-json\/wp\/v2\/posts\/9685\/revisions"}],"predecessor-version":[{"id":9687,"href":"https:\/\/blogdodanielgalvao.com.br\/site\/wp-json\/wp\/v2\/posts\/9685\/revisions\/9687"}],"wp:featuredmedia":[{"embeddable":true,"href":"https:\/\/blogdodanielgalvao.com.br\/site\/wp-json\/wp\/v2\/media\/9686"}],"wp:attachment":[{"href":"https:\/\/blogdodanielgalvao.com.br\/site\/wp-json\/wp\/v2\/media?parent=9685"}],"wp:term":[{"taxonomy":"category","embeddable":true,"href":"https:\/\/blogdodanielgalvao.com.br\/site\/wp-json\/wp\/v2\/categories?post=9685"},{"taxonomy":"post_tag","embeddable":true,"href":"https:\/\/blogdodanielgalvao.com.br\/site\/wp-json\/wp\/v2\/tags?post=9685"}],"curies":[{"name":"wp","href":"https:\/\/api.w.org\/{rel}","templated":true}]}}