{"id":9653,"date":"2023-12-13T08:43:54","date_gmt":"2023-12-13T11:43:54","guid":{"rendered":"https:\/\/blogdodanielgalvao.com.br\/site\/?p=9653"},"modified":"2023-12-13T08:48:41","modified_gmt":"2023-12-13T11:48:41","slug":"avaliacao-de-governo-ja-define-acoes-para-proximo-ano","status":"publish","type":"post","link":"https:\/\/blogdodanielgalvao.com.br\/site\/avaliacao-de-governo-ja-define-acoes-para-proximo-ano\/","title":{"rendered":"Avalia\u00e7\u00e3o de governo j\u00e1 define a\u00e7\u00f5es para pr\u00f3ximo ano"},"content":{"rendered":"<div class=\"pb-3 legenda-foto-noticia\">\n<p><em>O encontro foi realizado no Pa\u00e7o Municipal<\/em><\/p>\n<\/div>\n<p>Em reuni\u00e3o do secretariado realizada nesta ter\u00e7a-feira (12), o governo fez a avalia\u00e7\u00e3o sobre os projetos e servi\u00e7os realizados em 2023 e definiu prioridades nas a\u00e7\u00f5es j\u00e1 planejadas para o pr\u00f3ximo ano.<\/p>\n<p>No encontro realizado no pa\u00e7o municipal, o prefeito Welberth Rezende cobrou dos secret\u00e1rios agilidade nos processos que garantem a continuidade de projetos de assist\u00eancia \u00e0 popula\u00e7\u00e3o, mantendo assim os avan\u00e7os alcan\u00e7ados pela cidade desde 2021.<\/p>\n<p>\u201cA avalia\u00e7\u00e3o ajuda a entender o que ainda precisa ser feito para melhorar ainda mais o atendimento \u00e0 popula\u00e7\u00e3o. O nosso foco \u00e9 manter o ritmo de crescimento da cidade, de investimentos em infraestrutura, gera\u00e7\u00e3o de empregos e melhorias nos processos de assist\u00eancia direta as pessoas\u201d, afirmou o prefeito.<\/p>\n<p>A reuni\u00e3o marcou tamb\u00e9m a defini\u00e7\u00e3o do prazo final de liquida\u00e7\u00e3o de despesas previstas para 2023, procedimento definido pelos chamados \u201c\u00f3rg\u00e3os de controle\u201d, como a Secretaria de Fazenda, Controladoria Geral do munic\u00edpio e as Procuradorias de Licita\u00e7\u00f5es e Geral do Munic\u00edpio.<\/p>\n","protected":false},"excerpt":{"rendered":"<p>O encontro foi realizado no Pa\u00e7o Municipal Em reuni\u00e3o do secretariado realizada nesta ter\u00e7a-feira (12), o governo fez a avalia\u00e7\u00e3o sobre os projetos e servi\u00e7os realizados em 2023 e definiu prioridades nas a\u00e7\u00f5es j\u00e1 planejadas para o pr\u00f3ximo ano. No encontro realizado no pa\u00e7o municipal, o prefeito Welberth Rezende cobrou dos secret\u00e1rios agilidade nos processos [&hellip;]<\/p>\n","protected":false},"author":2,"featured_media":9654,"comment_status":"open","ping_status":"open","sticky":true,"template":"","format":"standard","meta":{"footnotes":""},"categories":[2],"tags":[],"class_list":["post-9653","post","type-post","status-publish","format-standard","has-post-thumbnail","hentry","category-macae"],"_links":{"self":[{"href":"https:\/\/blogdodanielgalvao.com.br\/site\/wp-json\/wp\/v2\/posts\/9653","targetHints":{"allow":["GET"]}}],"collection":[{"href":"https:\/\/blogdodanielgalvao.com.br\/site\/wp-json\/wp\/v2\/posts"}],"about":[{"href":"https:\/\/blogdodanielgalvao.com.br\/site\/wp-json\/wp\/v2\/types\/post"}],"author":[{"embeddable":true,"href":"https:\/\/blogdodanielgalvao.com.br\/site\/wp-json\/wp\/v2\/users\/2"}],"replies":[{"embeddable":true,"href":"https:\/\/blogdodanielgalvao.com.br\/site\/wp-json\/wp\/v2\/comments?post=9653"}],"version-history":[{"count":1,"href":"https:\/\/blogdodanielgalvao.com.br\/site\/wp-json\/wp\/v2\/posts\/9653\/revisions"}],"predecessor-version":[{"id":9655,"href":"https:\/\/blogdodanielgalvao.com.br\/site\/wp-json\/wp\/v2\/posts\/9653\/revisions\/9655"}],"wp:featuredmedia":[{"embeddable":true,"href":"https:\/\/blogdodanielgalvao.com.br\/site\/wp-json\/wp\/v2\/media\/9654"}],"wp:attachment":[{"href":"https:\/\/blogdodanielgalvao.com.br\/site\/wp-json\/wp\/v2\/media?parent=9653"}],"wp:term":[{"taxonomy":"category","embeddable":true,"href":"https:\/\/blogdodanielgalvao.com.br\/site\/wp-json\/wp\/v2\/categories?post=9653"},{"taxonomy":"post_tag","embeddable":true,"href":"https:\/\/blogdodanielgalvao.com.br\/site\/wp-json\/wp\/v2\/tags?post=9653"}],"curies":[{"name":"wp","href":"https:\/\/api.w.org\/{rel}","templated":true}]}}