{"id":9547,"date":"2023-11-28T09:22:39","date_gmt":"2023-11-28T12:22:39","guid":{"rendered":"http:\/\/blogdodanielgalvao.com.br\/site\/?p=9547"},"modified":"2023-11-28T09:28:16","modified_gmt":"2023-11-28T12:28:16","slug":"alexandre-martins-reune-se-com-mais-de-40-prefeitos-do-rio-para-discutir-melhorias-na-prestacao-de-servicos-da-concessionaria-de-energia","status":"publish","type":"post","link":"https:\/\/blogdodanielgalvao.com.br\/site\/alexandre-martins-reune-se-com-mais-de-40-prefeitos-do-rio-para-discutir-melhorias-na-prestacao-de-servicos-da-concessionaria-de-energia\/","title":{"rendered":"Alexandre Martins re\u00fane-se com mais de 40 prefeitos do Rio para discutir melhorias na presta\u00e7\u00e3o de servi\u00e7os da Concession\u00e1ria de Energia"},"content":{"rendered":"\n<p><\/p>\n\n\n\n<p>O prefeito de B\u00fazios, Alexandre Martins, participou nesta segunda-feira (27), de uma reuni\u00e3o com mais de 40 prefeitos de diversos munic\u00edpios para discutir a prec\u00e1ria presta\u00e7\u00e3o de servi\u00e7os da Enel, concession\u00e1ria de distribui\u00e7\u00e3o de energia que atende a popula\u00e7\u00e3o de diversas cidades do Estado do Rio de Janeiro. A reuni\u00e3o foi realizada no Theatro Municipal de Niter\u00f3i.<\/p>\n\n\n\n<p>A reuni\u00e3o foi motivada por recentes problemas na presta\u00e7\u00e3o de servi\u00e7os, culminando na falta de energia prolongada ap\u00f3s um forte temporal no dia 18 de novembro. V\u00e1rias cidades do Estado, incluindo B\u00fazios, ficaram sem energia el\u00e9trica.<\/p>\n\n\n\n<p>O grupo destacou a import\u00e2ncia de um comprometimento mais s\u00f3lido por parte da Enel na manuten\u00e7\u00e3o e r\u00e1pida restaura\u00e7\u00e3o dos servi\u00e7os essenciais de energia el\u00e9trica, al\u00e9m de uma colabora\u00e7\u00e3o mais efetiva entre a concession\u00e1ria e os munic\u00edpios, a fim de evitar futuros transtornos.<\/p>\n\n\n<div class=\"wp-block-image\">\n<figure class=\"aligncenter size-large is-resized\"><img loading=\"lazy\" decoding=\"async\" width=\"1536\" height=\"960\" src=\"https:\/\/blogdodanielgalvao.com.br\/site\/wp-content\/uploads\/2023\/11\/WhatsApp-Image-2023-11-27-at-16.23.04-1536x1152-1-edited.jpeg\" alt=\"\" class=\"wp-image-9552\" style=\"width:541px;height:auto\" srcset=\"https:\/\/blogdodanielgalvao.com.br\/site\/wp-content\/uploads\/2023\/11\/WhatsApp-Image-2023-11-27-at-16.23.04-1536x1152-1-edited.jpeg 1536w, https:\/\/blogdodanielgalvao.com.br\/site\/wp-content\/uploads\/2023\/11\/WhatsApp-Image-2023-11-27-at-16.23.04-1536x1152-1-edited-300x188.jpeg 300w, https:\/\/blogdodanielgalvao.com.br\/site\/wp-content\/uploads\/2023\/11\/WhatsApp-Image-2023-11-27-at-16.23.04-1536x1152-1-edited-1024x640.jpeg 1024w, https:\/\/blogdodanielgalvao.com.br\/site\/wp-content\/uploads\/2023\/11\/WhatsApp-Image-2023-11-27-at-16.23.04-1536x1152-1-edited-768x480.jpeg 768w, https:\/\/blogdodanielgalvao.com.br\/site\/wp-content\/uploads\/2023\/11\/WhatsApp-Image-2023-11-27-at-16.23.04-1536x1152-1-edited-50x31.jpeg 50w, https:\/\/blogdodanielgalvao.com.br\/site\/wp-content\/uploads\/2023\/11\/WhatsApp-Image-2023-11-27-at-16.23.04-1536x1152-1-edited-710x444.jpeg 710w\" sizes=\"auto, (max-width: 1536px) 100vw, 1536px\" \/><\/figure>\n<\/div>\n\n\n<p>Na ocasi\u00e3o, o prefeito de B\u00fazios, Alexandre Martins, disse que \u00e9 preciso tomar uma posi\u00e7\u00e3o, apesar de a concess\u00e3o e fiscaliza\u00e7\u00e3o serem federais, por\u00e9m tem que ter uma solu\u00e7\u00e3o o mais r\u00e1pido poss\u00edvel: \u201cEu me preocupo. B\u00fazios \u00e9 uma cidade tur\u00edstica, esperamos o ver\u00e3o o ano inteiro, ficar um dia sem energia, criar\u00e1 um caos para a popula\u00e7\u00e3o, para gera\u00e7\u00e3o de empregos, para o com\u00e9rcio, meios de hospedagem, turistas e afins. O munic\u00edpio tem tido problemas com a Enel desde o in\u00edcio da minha gest\u00e3o, v\u00e1rias solicita\u00e7\u00f5es de retiradas de postes do meio das ruas, fia\u00e7\u00e3o ca\u00edda dos postes, poda de \u00e1rvores, entre outras. Em todas foi preciso entrar com a\u00e7\u00e3o judicial para conseguir \u00eaxito. Foi bom percebemos o quanto a empresa tem prestado um desservi\u00e7o para a popula\u00e7\u00e3o em geral, n\u00e3o \u00e9 s\u00f3 para o nosso munic\u00edpio, infelizmente\u201d.<\/p>\n\n\n\n<p>O prefeito de Iguaba Grande, Vantoil Martins, acrescentou que o munic\u00edpio e toda a regi\u00e3o est\u00e3o prejudicados com os servi\u00e7os de p\u00e9ssima qualidade da empresa. Inclusive, Iguaba tem escolas que est\u00e3o com ar condicionados instalados sem poder funcionar. S\u00e3o mais de mil alunos no calor. Tamb\u00e9m est\u00e1 prejudicando o fornecimento de \u00e1gua da adutora de Juturna\u00edba. Este encontro foi bastante proveitoso e, partir dele v\u00eam medidas duras contra a Enel para a solu\u00e7\u00e3o desse problema. No ver\u00e3o, na alta temporada, Iguaba dobra a popula\u00e7\u00e3o e B\u00fazios quadruplica.<\/p>\n\n\n\n<p>No encontro ficou acertado que ser\u00e1 movida uma a\u00e7\u00e3o civil p\u00fablica, assinada por mais de 66 prefeitos. Os Procuradores de cada munic\u00edpio, ir\u00e3o interagir para acatar as orienta\u00e7\u00f5es legais de cada cidade participante da a\u00e7\u00e3o.<\/p>\n\n\n\n<div class=\"wp-block-group\"><div class=\"wp-block-group__inner-container is-layout-constrained wp-block-group-is-layout-constrained\">\n<div class=\"wp-block-group\"><div class=\"wp-block-group__inner-container is-layout-constrained wp-block-group-is-layout-constrained\">\n<figure class=\"wp-block-gallery has-nested-images columns-default is-cropped wp-block-gallery-1 is-layout-flex wp-block-gallery-is-layout-flex\">\n<figure class=\"wp-block-image size-large\"><img loading=\"lazy\" decoding=\"async\" width=\"701\" height=\"927\" data-id=\"9563\" src=\"https:\/\/blogdodanielgalvao.com.br\/site\/wp-content\/uploads\/2023\/11\/WhatsApp-Image-2023-11-27-at-18.01.22-1-2-1.jpeg\" alt=\"\" class=\"wp-image-9563\" srcset=\"https:\/\/blogdodanielgalvao.com.br\/site\/wp-content\/uploads\/2023\/11\/WhatsApp-Image-2023-11-27-at-18.01.22-1-2-1.jpeg 701w, https:\/\/blogdodanielgalvao.com.br\/site\/wp-content\/uploads\/2023\/11\/WhatsApp-Image-2023-11-27-at-18.01.22-1-2-1-227x300.jpeg 227w, https:\/\/blogdodanielgalvao.com.br\/site\/wp-content\/uploads\/2023\/11\/WhatsApp-Image-2023-11-27-at-18.01.22-1-2-1-38x50.jpeg 38w\" sizes=\"auto, (max-width: 701px) 100vw, 701px\" \/><\/figure>\n\n\n\n<figure class=\"wp-block-image size-large\"><img loading=\"lazy\" decoding=\"async\" width=\"599\" height=\"1024\" data-id=\"9562\" src=\"https:\/\/blogdodanielgalvao.com.br\/site\/wp-content\/uploads\/2023\/11\/WhatsApp-Image-2023-11-27-at-19.04.44-899x1536-3-599x1024.jpeg\" alt=\"\" class=\"wp-image-9562\" srcset=\"https:\/\/blogdodanielgalvao.com.br\/site\/wp-content\/uploads\/2023\/11\/WhatsApp-Image-2023-11-27-at-19.04.44-899x1536-3-599x1024.jpeg 599w, https:\/\/blogdodanielgalvao.com.br\/site\/wp-content\/uploads\/2023\/11\/WhatsApp-Image-2023-11-27-at-19.04.44-899x1536-3-176x300.jpeg 176w, https:\/\/blogdodanielgalvao.com.br\/site\/wp-content\/uploads\/2023\/11\/WhatsApp-Image-2023-11-27-at-19.04.44-899x1536-3-768x1312.jpeg 768w, https:\/\/blogdodanielgalvao.com.br\/site\/wp-content\/uploads\/2023\/11\/WhatsApp-Image-2023-11-27-at-19.04.44-899x1536-3-29x50.jpeg 29w, https:\/\/blogdodanielgalvao.com.br\/site\/wp-content\/uploads\/2023\/11\/WhatsApp-Image-2023-11-27-at-19.04.44-899x1536-3-710x1213.jpeg 710w, https:\/\/blogdodanielgalvao.com.br\/site\/wp-content\/uploads\/2023\/11\/WhatsApp-Image-2023-11-27-at-19.04.44-899x1536-3.jpeg 899w\" sizes=\"auto, (max-width: 599px) 100vw, 599px\" \/><\/figure>\n<\/figure>\n<\/div><\/div>\n<\/div><\/div>\n","protected":false},"excerpt":{"rendered":"<p>O prefeito de B\u00fazios, Alexandre Martins, participou nesta segunda-feira (27), de uma reuni\u00e3o com mais de 40 prefeitos de diversos munic\u00edpios para discutir a prec\u00e1ria presta\u00e7\u00e3o de servi\u00e7os da Enel, concession\u00e1ria de distribui\u00e7\u00e3o de energia que atende a popula\u00e7\u00e3o de diversas cidades do Estado do Rio de Janeiro. A reuni\u00e3o foi realizada no Theatro Municipal [&hellip;]<\/p>\n","protected":false},"author":2,"featured_media":9557,"comment_status":"open","ping_status":"open","sticky":true,"template":"","format":"standard","meta":{"footnotes":""},"categories":[824,9,1527],"tags":[],"class_list":["post-9547","post","type-post","status-publish","format-standard","has-post-thumbnail","hentry","category-buzios","category-estado","category-governo"],"_links":{"self":[{"href":"https:\/\/blogdodanielgalvao.com.br\/site\/wp-json\/wp\/v2\/posts\/9547","targetHints":{"allow":["GET"]}}],"collection":[{"href":"https:\/\/blogdodanielgalvao.com.br\/site\/wp-json\/wp\/v2\/posts"}],"about":[{"href":"https:\/\/blogdodanielgalvao.com.br\/site\/wp-json\/wp\/v2\/types\/post"}],"author":[{"embeddable":true,"href":"https:\/\/blogdodanielgalvao.com.br\/site\/wp-json\/wp\/v2\/users\/2"}],"replies":[{"embeddable":true,"href":"https:\/\/blogdodanielgalvao.com.br\/site\/wp-json\/wp\/v2\/comments?post=9547"}],"version-history":[{"count":2,"href":"https:\/\/blogdodanielgalvao.com.br\/site\/wp-json\/wp\/v2\/posts\/9547\/revisions"}],"predecessor-version":[{"id":9565,"href":"https:\/\/blogdodanielgalvao.com.br\/site\/wp-json\/wp\/v2\/posts\/9547\/revisions\/9565"}],"wp:featuredmedia":[{"embeddable":true,"href":"https:\/\/blogdodanielgalvao.com.br\/site\/wp-json\/wp\/v2\/media\/9557"}],"wp:attachment":[{"href":"https:\/\/blogdodanielgalvao.com.br\/site\/wp-json\/wp\/v2\/media?parent=9547"}],"wp:term":[{"taxonomy":"category","embeddable":true,"href":"https:\/\/blogdodanielgalvao.com.br\/site\/wp-json\/wp\/v2\/categories?post=9547"},{"taxonomy":"post_tag","embeddable":true,"href":"https:\/\/blogdodanielgalvao.com.br\/site\/wp-json\/wp\/v2\/tags?post=9547"}],"curies":[{"name":"wp","href":"https:\/\/api.w.org\/{rel}","templated":true}]}}