{"id":9421,"date":"2023-11-02T09:31:50","date_gmt":"2023-11-02T12:31:50","guid":{"rendered":"http:\/\/blogdodanielgalvao.com.br\/site\/?p=9421"},"modified":"2023-11-02T09:31:54","modified_gmt":"2023-11-02T12:31:54","slug":"executivo-apresenta-projeto-de-lei-orcamentaria-anual-para-2024","status":"publish","type":"post","link":"https:\/\/blogdodanielgalvao.com.br\/site\/executivo-apresenta-projeto-de-lei-orcamentaria-anual-para-2024\/","title":{"rendered":"Executivo apresenta Projeto de Lei Or\u00e7ament\u00e1ria Anual para 2024"},"content":{"rendered":"\n<p>A Prefeitura de Cabo Frio apresentou nesta segunda-feira (30) a proposta de Lei Or\u00e7ament\u00e1ria Anual (LOA) para o ano de 2024. A reuni\u00e3o foi realizada no plen\u00e1rio da C\u00e2mara Municipal e iniciada pelo presidente da Comiss\u00e3o de Finan\u00e7as, Or\u00e7amento e Aliena\u00e7\u00e3o, o vereador Josias da Swell (PL). Em seguida, o secret\u00e1rio de Fazenda, Carlos Alberto Cardozo de Oliveira, e o secret\u00e1rio adjunto de Receita, Vin\u00edcius Dias, conduziram a explana\u00e7\u00e3o.<\/p>\n\n\n\n<p>A audi\u00eancia teve in\u00edcio \u00e0s 10h e foi transmitida pelas redes sociais da Casa Legislativa. Participaram da apresenta\u00e7\u00e3o os vereadores Alexandre da Col\u00f4nia (Solidariedade), \u00c1tila Motta (Avante), Lu\u00eds Geraldo (REP), Ruy Fran\u00e7a (Cidadania), al\u00e9m do presidente da C\u00e2mara, Miguel Alencar (Uni\u00e3o).<\/p>\n\n\n\n<p>Ap\u00f3s a explana\u00e7\u00e3o, os vereadores fizeram questionamentos em rela\u00e7\u00e3o aos dados apresentados. O or\u00e7amento do munic\u00edpio para 2024 tem estimativa de receitas e despesas de R$ 1,35 bilh\u00e3o. O valor ultrapassa em R$114.088.900,00 a previs\u00e3o feita para o ano de 2023, o que representa um crescimento de 9,31%. De acordo com a proposta apresentada, h\u00e1 aumento de investimentos nas \u00e1reas da sa\u00fade, cultura, assist\u00eancia social e seguran\u00e7a p\u00fablica.<\/p>\n\n\n\n<p>A LOA tem como objetivo disciplinar e gerenciar as receitas e despesas p\u00fablicas em cada exerc\u00edcio financeiro. Para tanto, ela estima as receitas e fixa as despesas do Munic\u00edpio para o ano a que se refere.<\/p>\n","protected":false},"excerpt":{"rendered":"<p>A Prefeitura de Cabo Frio apresentou nesta segunda-feira (30) a proposta de Lei Or\u00e7ament\u00e1ria Anual (LOA) para o ano de 2024. A reuni\u00e3o foi realizada no plen\u00e1rio da C\u00e2mara Municipal e iniciada pelo presidente da Comiss\u00e3o de Finan\u00e7as, Or\u00e7amento e Aliena\u00e7\u00e3o, o vereador Josias da Swell (PL). Em seguida, o secret\u00e1rio de Fazenda, Carlos Alberto [&hellip;]<\/p>\n","protected":false},"author":2,"featured_media":9422,"comment_status":"open","ping_status":"open","sticky":true,"template":"","format":"standard","meta":{"footnotes":""},"categories":[340],"tags":[],"class_list":["post-9421","post","type-post","status-publish","format-standard","has-post-thumbnail","hentry","category-cabo-frio"],"_links":{"self":[{"href":"https:\/\/blogdodanielgalvao.com.br\/site\/wp-json\/wp\/v2\/posts\/9421","targetHints":{"allow":["GET"]}}],"collection":[{"href":"https:\/\/blogdodanielgalvao.com.br\/site\/wp-json\/wp\/v2\/posts"}],"about":[{"href":"https:\/\/blogdodanielgalvao.com.br\/site\/wp-json\/wp\/v2\/types\/post"}],"author":[{"embeddable":true,"href":"https:\/\/blogdodanielgalvao.com.br\/site\/wp-json\/wp\/v2\/users\/2"}],"replies":[{"embeddable":true,"href":"https:\/\/blogdodanielgalvao.com.br\/site\/wp-json\/wp\/v2\/comments?post=9421"}],"version-history":[{"count":1,"href":"https:\/\/blogdodanielgalvao.com.br\/site\/wp-json\/wp\/v2\/posts\/9421\/revisions"}],"predecessor-version":[{"id":9423,"href":"https:\/\/blogdodanielgalvao.com.br\/site\/wp-json\/wp\/v2\/posts\/9421\/revisions\/9423"}],"wp:featuredmedia":[{"embeddable":true,"href":"https:\/\/blogdodanielgalvao.com.br\/site\/wp-json\/wp\/v2\/media\/9422"}],"wp:attachment":[{"href":"https:\/\/blogdodanielgalvao.com.br\/site\/wp-json\/wp\/v2\/media?parent=9421"}],"wp:term":[{"taxonomy":"category","embeddable":true,"href":"https:\/\/blogdodanielgalvao.com.br\/site\/wp-json\/wp\/v2\/categories?post=9421"},{"taxonomy":"post_tag","embeddable":true,"href":"https:\/\/blogdodanielgalvao.com.br\/site\/wp-json\/wp\/v2\/tags?post=9421"}],"curies":[{"name":"wp","href":"https:\/\/api.w.org\/{rel}","templated":true}]}}