{"id":9411,"date":"2023-10-25T10:29:00","date_gmt":"2023-10-25T13:29:00","guid":{"rendered":"http:\/\/blogdodanielgalvao.com.br\/site\/?p=9411"},"modified":"2023-10-31T16:34:32","modified_gmt":"2023-10-31T19:34:32","slug":"cultura-saude-e-assistencia-as-pcd-em-debate-no-legislativo","status":"publish","type":"post","link":"https:\/\/blogdodanielgalvao.com.br\/site\/cultura-saude-e-assistencia-as-pcd-em-debate-no-legislativo\/","title":{"rendered":"Cultura, Sa\u00fade e assist\u00eancia \u00e0s PcD em debate no Legislativo"},"content":{"rendered":"\n<p>Dez requerimentos e indica\u00e7\u00f5es ao Executivo foram aprovadas na sess\u00e3o ordin\u00e1ria desta quarta-feira (25), na C\u00e2mara Municipal de Maca\u00e9. Trata-se de pedidos de limpeza p\u00fablica, instala\u00e7\u00e3o de assentos, quebra-molas,reconhecimento para a cultura, refor\u00e7o na sa\u00fade e aux\u00edlio \u00e0s Pessoas com Defici\u00eancia (PcD).<\/p>\n\n\n\n<p>A solicita\u00e7\u00e3o de um aux\u00edlio financeiro para o respons\u00e1vel legal de PcD foi feita pelo vereador Amaro Luiz (PRTB). Para ele, muitas fam\u00edlias necessitam de apoio para garantir o tratamento, as terapias e condi\u00e7\u00f5es de inser\u00e7\u00e3o do seu dependente na sociedade. \u201cO requerimento se justifica devido \u00e0 dificuldade do Estado de dar assist\u00eancia adequada, j\u00e1 que s\u00e3o frequentes as reclama\u00e7\u00f5es de falta de vagas ou de especialistas no SUS que podem melhorar a qualidade de vida dessa popula\u00e7\u00e3o\u201d.<\/p>\n\n\n\n<p>Outra proposta aprovada foi a de cria\u00e7\u00e3o de um programa de resid\u00eancia em enfermagem, voltado para sa\u00fade familiar. A autora foi Iza Vicente (Rede), que defendeu a medida como forma de melhorar a cobertura da aten\u00e7\u00e3o b\u00e1sica na sa\u00fade e assist\u00eancia \u00e0 popula\u00e7\u00e3o. \u201cJ\u00e1 temos resid\u00eancia para o curso de medicina em Maca\u00e9, mas o rec\u00e9m-formado em enfermagem n\u00e3o tem a mesma possibilidade de colocar em pr\u00e1tica o que aprendeu\u201d. A vereadora lembrou que o munic\u00edpio do Rio e a Fiocruz disp\u00f5em do programa.<\/p>\n\n\n\n<p><strong>Grande Expediente<\/strong><\/p>\n\n\n\n<p>Tamb\u00e9m a pedido de Amaro, o Grande Expediente da sess\u00e3o de quarta-feira, 8 de novembro, ser\u00e1 destinado \u00e0 entidade cultural Rinha das Artes. O objetivo, conforme explicou, \u00e9 prestar uma homenagem ao hist\u00f3rico local de resist\u00eancia da cultura macaense, na semana do Dia Nacional da Cultura, celebrado em 5 de novembro. \u201cAl\u00e9m de mostrar a relev\u00e2ncia do espa\u00e7o, queremos que o p\u00fablico conhe\u00e7a as suas a\u00e7\u00f5es e participe\u201d, declarou o parlamentar.<\/p>\n","protected":false},"excerpt":{"rendered":"<p>Dez requerimentos e indica\u00e7\u00f5es ao Executivo foram aprovadas na sess\u00e3o ordin\u00e1ria desta quarta-feira (25), na C\u00e2mara Municipal de Maca\u00e9. Trata-se de pedidos de limpeza p\u00fablica, instala\u00e7\u00e3o de assentos, quebra-molas,reconhecimento para a cultura, refor\u00e7o na sa\u00fade e aux\u00edlio \u00e0s Pessoas com Defici\u00eancia (PcD). A solicita\u00e7\u00e3o de um aux\u00edlio financeiro para o respons\u00e1vel legal de PcD foi [&hellip;]<\/p>\n","protected":false},"author":2,"featured_media":9412,"comment_status":"open","ping_status":"open","sticky":true,"template":"","format":"standard","meta":{"footnotes":""},"categories":[1557],"tags":[],"class_list":["post-9411","post","type-post","status-publish","format-standard","has-post-thumbnail","hentry","category-camara"],"_links":{"self":[{"href":"https:\/\/blogdodanielgalvao.com.br\/site\/wp-json\/wp\/v2\/posts\/9411","targetHints":{"allow":["GET"]}}],"collection":[{"href":"https:\/\/blogdodanielgalvao.com.br\/site\/wp-json\/wp\/v2\/posts"}],"about":[{"href":"https:\/\/blogdodanielgalvao.com.br\/site\/wp-json\/wp\/v2\/types\/post"}],"author":[{"embeddable":true,"href":"https:\/\/blogdodanielgalvao.com.br\/site\/wp-json\/wp\/v2\/users\/2"}],"replies":[{"embeddable":true,"href":"https:\/\/blogdodanielgalvao.com.br\/site\/wp-json\/wp\/v2\/comments?post=9411"}],"version-history":[{"count":1,"href":"https:\/\/blogdodanielgalvao.com.br\/site\/wp-json\/wp\/v2\/posts\/9411\/revisions"}],"predecessor-version":[{"id":9413,"href":"https:\/\/blogdodanielgalvao.com.br\/site\/wp-json\/wp\/v2\/posts\/9411\/revisions\/9413"}],"wp:featuredmedia":[{"embeddable":true,"href":"https:\/\/blogdodanielgalvao.com.br\/site\/wp-json\/wp\/v2\/media\/9412"}],"wp:attachment":[{"href":"https:\/\/blogdodanielgalvao.com.br\/site\/wp-json\/wp\/v2\/media?parent=9411"}],"wp:term":[{"taxonomy":"category","embeddable":true,"href":"https:\/\/blogdodanielgalvao.com.br\/site\/wp-json\/wp\/v2\/categories?post=9411"},{"taxonomy":"post_tag","embeddable":true,"href":"https:\/\/blogdodanielgalvao.com.br\/site\/wp-json\/wp\/v2\/tags?post=9411"}],"curies":[{"name":"wp","href":"https:\/\/api.w.org\/{rel}","templated":true}]}}