{"id":9362,"date":"2023-10-14T16:11:12","date_gmt":"2023-10-14T19:11:12","guid":{"rendered":"http:\/\/blogdodanielgalvao.com.br\/site\/?p=9362"},"modified":"2023-10-27T16:14:15","modified_gmt":"2023-10-27T19:14:15","slug":"qualificacao-profissional-tera-inscricoes-para-certificacao-em-cbsp-e-huet","status":"publish","type":"post","link":"https:\/\/blogdodanielgalvao.com.br\/site\/qualificacao-profissional-tera-inscricoes-para-certificacao-em-cbsp-e-huet\/","title":{"rendered":"Qualifica\u00e7\u00e3o Profissional ter\u00e1 inscri\u00e7\u00f5es para certifica\u00e7\u00e3o em CBSP e HUET"},"content":{"rendered":"\n<p>Os candidatos \u00e0s 720 vagas para a para certifica\u00e7\u00e3o gratuita em CBSP e HUET devem estar atentos. As inscri\u00e7\u00f5es para ambos os cursos come\u00e7am nos pr\u00f3ximos dias 16 e 17 de outubro, das 9h \u00e0s 17h, na sede da Secretaria Adjunta de Qualifica\u00e7\u00e3o Profissional \u2013 que funciona na Rua Alfredo Backer, 363, Centro. O edital 004\/2023 est\u00e1 publicado no site da Prefeitura de Maca\u00e9.<\/p>\n\n\n\n<p>O candidato dever\u00e1 fazer o cadastro para os dois cursos. Vale lembrar, que a divulga\u00e7\u00e3o das vagas remanescentes ser\u00e1 no dia 18 deste m\u00eas, das 12h \u00e0s 19h, no mesmo endere\u00e7o.<br><br>Para se cadastrar \u00e9 necess\u00e1rio ter: idade m\u00ednima de 18 anos; atestado de boas condi\u00e7\u00f5es f\u00edsicas (atestado m\u00e9dico); Ensino Fundamental completo; certificado de qualifica\u00e7\u00e3o ou experi\u00eancia comprovada na \u00e1rea offshore (original e c\u00f3pia); c\u00f3pia da Carteira de Identidade com foto ou outro documento de identifica\u00e7\u00e3o com foto (Carteira de Trabalho ou Habilita\u00e7\u00e3o); c\u00f3pia do CPF do pr\u00f3prio candidato; c\u00f3pia do comprovante de escolaridade; c\u00f3pia do comprovante de resid\u00eancia em Maca\u00e9.<br><br>Caso no dia da matr\u00edcula, o candidato n\u00e3o consiga entregar o atestado m\u00e9dico, o mesmo dever\u00e1 ser entregue no primeiro dia de treinamento, sendo este o prazo final de entrega desse documento, caso contr\u00e1rio o candidato ser\u00e1 automaticamente desligado.<br><br>As vagas ser\u00e3o distribu\u00eddas em 12 turmas, com in\u00edcio previsto para 23 de outubro e t\u00e9rmino em 28 de novembro. Cada um delas ter\u00e1 carga hor\u00e1ria de 40h (CBSP) e 8h (HUET).Em cada curso poder\u00e3o ser acrescidas at\u00e9 10% das vagas para o atendimento a demandas espec\u00edficas oriundas do Poder Executivo e\/ou do Poder Judici\u00e1rio, relacionadas \u00e0s parcelas da popula\u00e7\u00e3o consideradas em vulnerabilidade social,\u2013 Pessoa com Defici\u00eancia (PCD), idosos e de institui\u00e7\u00f5es que atendem jovens e adolescentes sob medida protetiva ou socioeducativa, ou que estejam sob tutela e guarda das mesmas.<br><br>Tamb\u00e9m haver\u00e1 exerc\u00edcios pr\u00e1ticos, que ser\u00e3o realizados no Centro de Treinamento utilizado pela empresa certificadora, de acordo com a programa\u00e7\u00e3o de cada turma. Durante a etapa treinamento de CBSP e HUET ser\u00e3o realizadas aulas te\u00f3ricas em sala de aula, seguindo o conte\u00fado program\u00e1tico dos cursos, assim como, simula\u00e7\u00f5es pr\u00e1ticas avaliativas como: preven\u00e7\u00e3o e combate a inc\u00eandio, t\u00e9cnicas de sobreviv\u00eancia no mar e procedimentos de emerg\u00eancia, primeiros socorros elementares e tamb\u00e9m escape submerso de aeronave, no Centro de Treinamento Pr\u00e1tico.<br><br>A Secretaria Municipal Adjunta de Qualifica\u00e7\u00e3o Profissional reserva-se ao direito de prorrogar as inscri\u00e7\u00f5es e\/ou a data de in\u00edcio das aulas, quando n\u00e3o se atingir a quantidade m\u00ednima de 70% dos candidatos inscritos por turma.<br><a href=\"https:\/\/www.macae.rj.gov.br\/midia\/uploads\/Edital%20004-2023%20correto%20(1)(1).pdf\">Confira o edital<\/a>.<\/p>\n","protected":false},"excerpt":{"rendered":"<p>Os candidatos \u00e0s 720 vagas para a para certifica\u00e7\u00e3o gratuita em CBSP e HUET devem estar atentos. As inscri\u00e7\u00f5es para ambos os cursos come\u00e7am nos pr\u00f3ximos dias 16 e 17 de outubro, das 9h \u00e0s 17h, na sede da Secretaria Adjunta de Qualifica\u00e7\u00e3o Profissional \u2013 que funciona na Rua Alfredo Backer, 363, Centro. O edital [&hellip;]<\/p>\n","protected":false},"author":2,"featured_media":9363,"comment_status":"open","ping_status":"open","sticky":true,"template":"","format":"standard","meta":{"footnotes":""},"categories":[2],"tags":[],"class_list":["post-9362","post","type-post","status-publish","format-standard","has-post-thumbnail","hentry","category-macae"],"_links":{"self":[{"href":"https:\/\/blogdodanielgalvao.com.br\/site\/wp-json\/wp\/v2\/posts\/9362","targetHints":{"allow":["GET"]}}],"collection":[{"href":"https:\/\/blogdodanielgalvao.com.br\/site\/wp-json\/wp\/v2\/posts"}],"about":[{"href":"https:\/\/blogdodanielgalvao.com.br\/site\/wp-json\/wp\/v2\/types\/post"}],"author":[{"embeddable":true,"href":"https:\/\/blogdodanielgalvao.com.br\/site\/wp-json\/wp\/v2\/users\/2"}],"replies":[{"embeddable":true,"href":"https:\/\/blogdodanielgalvao.com.br\/site\/wp-json\/wp\/v2\/comments?post=9362"}],"version-history":[{"count":1,"href":"https:\/\/blogdodanielgalvao.com.br\/site\/wp-json\/wp\/v2\/posts\/9362\/revisions"}],"predecessor-version":[{"id":9364,"href":"https:\/\/blogdodanielgalvao.com.br\/site\/wp-json\/wp\/v2\/posts\/9362\/revisions\/9364"}],"wp:featuredmedia":[{"embeddable":true,"href":"https:\/\/blogdodanielgalvao.com.br\/site\/wp-json\/wp\/v2\/media\/9363"}],"wp:attachment":[{"href":"https:\/\/blogdodanielgalvao.com.br\/site\/wp-json\/wp\/v2\/media?parent=9362"}],"wp:term":[{"taxonomy":"category","embeddable":true,"href":"https:\/\/blogdodanielgalvao.com.br\/site\/wp-json\/wp\/v2\/categories?post=9362"},{"taxonomy":"post_tag","embeddable":true,"href":"https:\/\/blogdodanielgalvao.com.br\/site\/wp-json\/wp\/v2\/tags?post=9362"}],"curies":[{"name":"wp","href":"https:\/\/api.w.org\/{rel}","templated":true}]}}