{"id":9332,"date":"2023-10-19T09:02:00","date_gmt":"2023-10-19T12:02:00","guid":{"rendered":"http:\/\/blogdodanielgalvao.com.br\/site\/?p=9332"},"modified":"2023-10-18T17:07:40","modified_gmt":"2023-10-18T20:07:40","slug":"governo-prioriza-inscricoes-de-projetos-para-financiamento-federal","status":"publish","type":"post","link":"https:\/\/blogdodanielgalvao.com.br\/site\/governo-prioriza-inscricoes-de-projetos-para-financiamento-federal\/","title":{"rendered":"Governo prioriza inscri\u00e7\u00f5es de projetos para financiamento federal"},"content":{"rendered":"\n<p>Ao atender crit\u00e9rios definidos pelo governo federal, a Prefeitura de Maca\u00e9 prioriza a inscri\u00e7\u00e3o de 22 projetos eleg\u00edveis para investimentos dispon\u00edveis pelo novo Programa de Acelera\u00e7\u00e3o do Crescimento (PAC).<br><\/p>\n\n\n\n<p>A ades\u00e3o a programas de financiamentos para a execu\u00e7\u00e3o de projetos voltados \u00e0 Cultura, Educa\u00e7\u00e3o, Cidade (Mobilidade Urbana), Esporte, Sa\u00fade e Justi\u00e7a foi definida pelo prefeito Welberth Rezende ao se reunir, nesta quarta-feira (18), com secret\u00e1rios.<br><\/p>\n\n\n\n<blockquote class=\"wp-block-quote is-layout-flow wp-block-quote-is-layout-flow\">\n<p>\u201cA prioridade da inscri\u00e7\u00e3o dos nossos projetos representa a responsabilidade do governo em viabilizar projetos que garantem mais infraestrutura e acesso da popula\u00e7\u00e3o a servi\u00e7os essenciais, como Sa\u00fade e Educa\u00e7\u00e3o\u201d, destacou o prefeito.<\/p>\n<\/blockquote>\n\n\n\n<p>O objetivo do governo \u00e9 garantir recursos federais dispon\u00edveis atrav\u00e9s do PAC para constru\u00e7\u00e3o de centros comunit\u00e1rios, creches e escolas de ensino integral, ve\u00edculos, novas unidades para a Sa\u00fade, entre outros.<\/p>\n\n\n\n<p>No encontro, as equipes das Secretarias de Rela\u00e7\u00f5es Institucionais e de Infraestrutura apresentaram informa\u00e7\u00f5es sobre crit\u00e9rios, documenta\u00e7\u00f5es e dados necess\u00e1rios ao preenchimento das informa\u00e7\u00f5es exigidas pelo PAC. O processo de cadastro deve ser realizado at\u00e9 10 de novembro.<\/p>\n\n\n\n<p>Participaram da reuni\u00e3o os Secret\u00e1rios da Casa Civil Juninho Luna, Rela\u00e7\u00f5es Institucionais Tito Sim\u00f5es, Educa\u00e7\u00e3o Leandra Lopes, Sa\u00fade Alexandre Cruz, Esporte Marvel Maillet, Cultura Leandro Mussi, Ordem P\u00fablica Alan de Oliveira, Infraestrutura Santiago Borges, Obras Felipe Bastos e Saneamento Ricardo Pereira Moreira.<\/p>\n","protected":false},"excerpt":{"rendered":"<p>Ao atender crit\u00e9rios definidos pelo governo federal, a Prefeitura de Maca\u00e9 prioriza a inscri\u00e7\u00e3o de 22 projetos eleg\u00edveis para investimentos dispon\u00edveis pelo novo Programa de Acelera\u00e7\u00e3o do Crescimento (PAC). A ades\u00e3o a programas de financiamentos para a execu\u00e7\u00e3o de projetos voltados \u00e0 Cultura, Educa\u00e7\u00e3o, Cidade (Mobilidade Urbana), Esporte, Sa\u00fade e Justi\u00e7a foi definida pelo prefeito [&hellip;]<\/p>\n","protected":false},"author":2,"featured_media":0,"comment_status":"open","ping_status":"open","sticky":true,"template":"","format":"standard","meta":{"footnotes":""},"categories":[1],"tags":[],"class_list":["post-9332","post","type-post","status-publish","format-standard","hentry","category-sem-categoria"],"_links":{"self":[{"href":"https:\/\/blogdodanielgalvao.com.br\/site\/wp-json\/wp\/v2\/posts\/9332","targetHints":{"allow":["GET"]}}],"collection":[{"href":"https:\/\/blogdodanielgalvao.com.br\/site\/wp-json\/wp\/v2\/posts"}],"about":[{"href":"https:\/\/blogdodanielgalvao.com.br\/site\/wp-json\/wp\/v2\/types\/post"}],"author":[{"embeddable":true,"href":"https:\/\/blogdodanielgalvao.com.br\/site\/wp-json\/wp\/v2\/users\/2"}],"replies":[{"embeddable":true,"href":"https:\/\/blogdodanielgalvao.com.br\/site\/wp-json\/wp\/v2\/comments?post=9332"}],"version-history":[{"count":1,"href":"https:\/\/blogdodanielgalvao.com.br\/site\/wp-json\/wp\/v2\/posts\/9332\/revisions"}],"predecessor-version":[{"id":9333,"href":"https:\/\/blogdodanielgalvao.com.br\/site\/wp-json\/wp\/v2\/posts\/9332\/revisions\/9333"}],"wp:attachment":[{"href":"https:\/\/blogdodanielgalvao.com.br\/site\/wp-json\/wp\/v2\/media?parent=9332"}],"wp:term":[{"taxonomy":"category","embeddable":true,"href":"https:\/\/blogdodanielgalvao.com.br\/site\/wp-json\/wp\/v2\/categories?post=9332"},{"taxonomy":"post_tag","embeddable":true,"href":"https:\/\/blogdodanielgalvao.com.br\/site\/wp-json\/wp\/v2\/tags?post=9332"}],"curies":[{"name":"wp","href":"https:\/\/api.w.org\/{rel}","templated":true}]}}