{"id":9322,"date":"2023-10-16T17:50:33","date_gmt":"2023-10-16T20:50:33","guid":{"rendered":"http:\/\/blogdodanielgalvao.com.br\/site\/?p=9322"},"modified":"2023-10-16T18:37:55","modified_gmt":"2023-10-16T21:37:55","slug":"vereadores-cobram-mais-escolas-e-profissionais-para-a-educacao","status":"publish","type":"post","link":"https:\/\/blogdodanielgalvao.com.br\/site\/vereadores-cobram-mais-escolas-e-profissionais-para-a-educacao\/","title":{"rendered":"Vereadores cobram mais escolas e profissionais para a Educa\u00e7\u00e3o"},"content":{"rendered":"\n<p>Foram aprovados na manh\u00e3 desta quarta-feira (11), na C\u00e2mara Municipal de Maca\u00e9, dois requerimentos pedindo informa\u00e7\u00f5es sobre as licita\u00e7\u00f5es para a constru\u00e7\u00e3o de novas escolas para a cidade. Ambos t\u00eam igual teor e s\u00e3o de autoria do presidente Cesinha (Solidariedade), mas foram direcionados a secretarias diferentes: Educa\u00e7\u00e3o e Obras. O intuito \u00e9 saber quantos s\u00e3o os processos e quais j\u00e1 est\u00e3o em execu\u00e7\u00e3o.<\/p>\n\n\n\n<p>O presidente manifestou preocupa\u00e7\u00e3o com a demora no andamento dos processos. \u201cFaltam dois meses para terminar o ano e ainda n\u00e3o vimos a agilidade necess\u00e1ria para o atendimento de 3 a 5 mil novos alunos que devem ingressar na rede municipal em 2024\u201d.<\/p>\n\n\n\n<p>Para Cesinha, a educa\u00e7\u00e3o tem pressa, pois faltam salas de aula e profissionais de educa\u00e7\u00e3o. \u201cTemos que pensar em alternativas: contratar uma empresa de projetos; construir escolas pr\u00e9-moldadas; publicar um novo concurso ou mesmo encontrar uma maneira legal de chamar os que foram aprovados por \u00faltimo\u201d.<\/p>\n\n\n\n<p>Iza Vicente (Rede) frisou o impacto de uma educa\u00e7\u00e3o que n\u00e3o se planeja para o crescimento a longo prazo. \u201cHoje temos 42 mil estudantes na rede municipal, o que impacta diretamente quase um quarto das fam\u00edliasmacaenses\u201d. Rafael Amorim concordou: \u201cPrecisamos de mais escolas, profissionais e inclus\u00e3o efetiva\u201d, disse lembrando a situa\u00e7\u00e3o dos alunos com defici\u00eancia que est\u00e3o sem auxiliar em sala de aula.<\/p>\n\n\n\n<p><strong>Sobrecarga de projetos<\/strong><\/p>\n\n\n\n<p>O l\u00edder do governo, Luciano Diniz (Cidadania), informou que h\u00e1 147 projetos em execu\u00e7\u00e3o na Secretaria de Obras. \u201cFizemos um pedido de contrata\u00e7\u00e3o de empresa especializada nesse tipo de planejamento, pois n\u00e3o h\u00e1 falta de recursos. A pasta \u00e9 que n\u00e3o consegue dar conta de novos projetos, pois os seus t\u00e9cnicos est\u00e3o sobrecarregados\u201d. Diante do parecer negativo para a contrata\u00e7\u00e3o da empresa, Luciano fez um apelo de revis\u00e3o jur\u00eddica.<\/p>\n\n\n\n<p><strong>Mais que educa\u00e7\u00e3o<\/strong><\/p>\n\n\n\n<p>Cesinha ainda mencionou a falta de climatiza\u00e7\u00e3o nas escolas, que atrapalha o desempenho de educadores e estudantes. Rafael destacou o quanto a rede escolar \u00e9 fundamental para jovens e crian\u00e7as, tamb\u00e9m devido ao fornecimento de alimenta\u00e7\u00e3o e de rede de apoio. Paulo Paes (Uni\u00e3o Brasil) aproveitou para defender que a Educa\u00e7\u00e3o tenha uma comiss\u00e3o pr\u00f3pria de licita\u00e7\u00e3o para acelerar os tr\u00e2mites administrativos.<\/p>\n","protected":false},"excerpt":{"rendered":"<p>Foram aprovados na manh\u00e3 desta quarta-feira (11), na C\u00e2mara Municipal de Maca\u00e9, dois requerimentos pedindo informa\u00e7\u00f5es sobre as licita\u00e7\u00f5es para a constru\u00e7\u00e3o de novas escolas para a cidade. Ambos t\u00eam igual teor e s\u00e3o de autoria do presidente Cesinha (Solidariedade), mas foram direcionados a secretarias diferentes: Educa\u00e7\u00e3o e Obras. O intuito \u00e9 saber quantos s\u00e3o [&hellip;]<\/p>\n","protected":false},"author":2,"featured_media":9323,"comment_status":"open","ping_status":"open","sticky":true,"template":"","format":"standard","meta":{"footnotes":""},"categories":[2],"tags":[],"class_list":["post-9322","post","type-post","status-publish","format-standard","has-post-thumbnail","hentry","category-macae"],"_links":{"self":[{"href":"https:\/\/blogdodanielgalvao.com.br\/site\/wp-json\/wp\/v2\/posts\/9322","targetHints":{"allow":["GET"]}}],"collection":[{"href":"https:\/\/blogdodanielgalvao.com.br\/site\/wp-json\/wp\/v2\/posts"}],"about":[{"href":"https:\/\/blogdodanielgalvao.com.br\/site\/wp-json\/wp\/v2\/types\/post"}],"author":[{"embeddable":true,"href":"https:\/\/blogdodanielgalvao.com.br\/site\/wp-json\/wp\/v2\/users\/2"}],"replies":[{"embeddable":true,"href":"https:\/\/blogdodanielgalvao.com.br\/site\/wp-json\/wp\/v2\/comments?post=9322"}],"version-history":[{"count":1,"href":"https:\/\/blogdodanielgalvao.com.br\/site\/wp-json\/wp\/v2\/posts\/9322\/revisions"}],"predecessor-version":[{"id":9324,"href":"https:\/\/blogdodanielgalvao.com.br\/site\/wp-json\/wp\/v2\/posts\/9322\/revisions\/9324"}],"wp:featuredmedia":[{"embeddable":true,"href":"https:\/\/blogdodanielgalvao.com.br\/site\/wp-json\/wp\/v2\/media\/9323"}],"wp:attachment":[{"href":"https:\/\/blogdodanielgalvao.com.br\/site\/wp-json\/wp\/v2\/media?parent=9322"}],"wp:term":[{"taxonomy":"category","embeddable":true,"href":"https:\/\/blogdodanielgalvao.com.br\/site\/wp-json\/wp\/v2\/categories?post=9322"},{"taxonomy":"post_tag","embeddable":true,"href":"https:\/\/blogdodanielgalvao.com.br\/site\/wp-json\/wp\/v2\/tags?post=9322"}],"curies":[{"name":"wp","href":"https:\/\/api.w.org\/{rel}","templated":true}]}}