{"id":9318,"date":"2023-10-15T09:44:00","date_gmt":"2023-10-15T12:44:00","guid":{"rendered":"http:\/\/blogdodanielgalvao.com.br\/site\/?p=9318"},"modified":"2023-10-12T13:50:54","modified_gmt":"2023-10-12T16:50:54","slug":"comissao-da-alerj-debatera-situacao-do-estadio-celio-de-barros-fechado-ha-10-anos","status":"publish","type":"post","link":"https:\/\/blogdodanielgalvao.com.br\/site\/comissao-da-alerj-debatera-situacao-do-estadio-celio-de-barros-fechado-ha-10-anos\/","title":{"rendered":"COMISS\u00c3O DA ALERJ DEBATER\u00c1 SITUA\u00c7\u00c3O DO EST\u00c1DIO C\u00c9LIO DE BARROS FECHADO H\u00c1 10 ANOS"},"content":{"rendered":"\n<p>A Comiss\u00e3o de Esportes e Lazer, da Assembleia Legislativa do Estado do Rio de Janeiro (Alerj), vai realizar audi\u00eancia p\u00fablica, \u00e0s 10 horas, na pr\u00f3xima segunda-feira (16\/10), em que vai debater as condi\u00e7\u00f5es do Est\u00e1dio de Atletismo C\u00e9lio de Barros, localizado no Complexo do Maracan\u00e3. A reuni\u00e3o acontecer\u00e1 no Plen\u00e1rio da sede do Legislativo fluminense, na Rua da Ajuda, n\u00ba 5\/Centro, e poder\u00e1 ser acompanhada ao vivo pela TV Alerj.<\/p>\n\n\n\n<p>\u201cA Comiss\u00e3o de Esporte da Alerj est\u00e1 abra\u00e7ando a luta de atletas amadores e profissionais, que reivindicam h\u00e1 anos a reconstru\u00e7\u00e3o das pistas e campos do Est\u00e1dio C\u00e9lio de Barros. A audi\u00eancia p\u00fablica \u00e9 necess\u00e1ria para entender quais s\u00e3o os impasses para tirar esse projeto do papel e por que o est\u00e1dio est\u00e1 parado h\u00e1 10 anos. Isso \u00e9 inaceit\u00e1vel\u201d, afirma o deputado Carlinhos BNH (PP), presidente do colegiado.<\/p>\n\n\n\n<p>Foram convidados a participar da discuss\u00e3o representantes das Secretarias estadual e municipal de Esporte e Lazer; da Empresa&nbsp;Municipal de Obras P\u00fablicas (EMOP); dos Comit\u00eas Ol\u00edmpico e Paral\u00edmpico; dos Conselhos de Educa\u00e7\u00e3o F\u00edsica, e outras associa\u00e7\u00f5es.<\/p>\n","protected":false},"excerpt":{"rendered":"<p>A Comiss\u00e3o de Esportes e Lazer, da Assembleia Legislativa do Estado do Rio de Janeiro (Alerj), vai realizar audi\u00eancia p\u00fablica, \u00e0s 10 horas, na pr\u00f3xima segunda-feira (16\/10), em que vai debater as condi\u00e7\u00f5es do Est\u00e1dio de Atletismo C\u00e9lio de Barros, localizado no Complexo do Maracan\u00e3. A reuni\u00e3o acontecer\u00e1 no Plen\u00e1rio da sede do Legislativo fluminense, [&hellip;]<\/p>\n","protected":false},"author":2,"featured_media":9319,"comment_status":"open","ping_status":"open","sticky":true,"template":"","format":"standard","meta":{"footnotes":""},"categories":[1865],"tags":[],"class_list":["post-9318","post","type-post","status-publish","format-standard","has-post-thumbnail","hentry","category-alerj"],"_links":{"self":[{"href":"https:\/\/blogdodanielgalvao.com.br\/site\/wp-json\/wp\/v2\/posts\/9318","targetHints":{"allow":["GET"]}}],"collection":[{"href":"https:\/\/blogdodanielgalvao.com.br\/site\/wp-json\/wp\/v2\/posts"}],"about":[{"href":"https:\/\/blogdodanielgalvao.com.br\/site\/wp-json\/wp\/v2\/types\/post"}],"author":[{"embeddable":true,"href":"https:\/\/blogdodanielgalvao.com.br\/site\/wp-json\/wp\/v2\/users\/2"}],"replies":[{"embeddable":true,"href":"https:\/\/blogdodanielgalvao.com.br\/site\/wp-json\/wp\/v2\/comments?post=9318"}],"version-history":[{"count":1,"href":"https:\/\/blogdodanielgalvao.com.br\/site\/wp-json\/wp\/v2\/posts\/9318\/revisions"}],"predecessor-version":[{"id":9320,"href":"https:\/\/blogdodanielgalvao.com.br\/site\/wp-json\/wp\/v2\/posts\/9318\/revisions\/9320"}],"wp:featuredmedia":[{"embeddable":true,"href":"https:\/\/blogdodanielgalvao.com.br\/site\/wp-json\/wp\/v2\/media\/9319"}],"wp:attachment":[{"href":"https:\/\/blogdodanielgalvao.com.br\/site\/wp-json\/wp\/v2\/media?parent=9318"}],"wp:term":[{"taxonomy":"category","embeddable":true,"href":"https:\/\/blogdodanielgalvao.com.br\/site\/wp-json\/wp\/v2\/categories?post=9318"},{"taxonomy":"post_tag","embeddable":true,"href":"https:\/\/blogdodanielgalvao.com.br\/site\/wp-json\/wp\/v2\/tags?post=9318"}],"curies":[{"name":"wp","href":"https:\/\/api.w.org\/{rel}","templated":true}]}}