{"id":9311,"date":"2023-10-13T09:30:00","date_gmt":"2023-10-13T12:30:00","guid":{"rendered":"http:\/\/blogdodanielgalvao.com.br\/site\/?p=9311"},"modified":"2023-10-12T13:39:17","modified_gmt":"2023-10-12T16:39:17","slug":"legislativo-aprova-projeto-para-ampliar-parque-do-atalaia","status":"publish","type":"post","link":"https:\/\/blogdodanielgalvao.com.br\/site\/legislativo-aprova-projeto-para-ampliar-parque-do-atalaia\/","title":{"rendered":"Legislativo aprova projeto para ampliar Parque do Atalaia"},"content":{"rendered":"\n<p>A C\u00e2mara de Maca\u00e9 aprovou nesta ter\u00e7a-feira (10) o Projeto de Lei (PL) 34\/2023, do Executivo, para ampliar o Parque Natural Municipal do Atalaia. A defesa foi feita pelo l\u00edder do governo Luciano Diniz (Cidadania). \u201cTrata-se praticamente de uma duplica\u00e7\u00e3o. Diante de tantas cat\u00e1strofes nacionais e internacionais envolvendo o meio ambiente, a secretaria da \u00e1rea d\u00e1 um grande passo para preservar nossos mananciais\u201d.<\/p>\n\n\n\n<p>Iza Vicente (Rede) lembrou que a medida corrige a limita\u00e7\u00e3o de um espa\u00e7o que precisa ser protegido. \u201cAs mudan\u00e7as clim\u00e1ticas e o fato de sermos um munic\u00edpio com atividades altamente poluidoras tornam necess\u00e1rias pol\u00edticas de compensa\u00e7\u00e3o como essa\u201d. Ela tamb\u00e9m elogiou o comprometimento dos t\u00e9cnicos que trabalham no parque.<\/p>\n\n\n\n<p>A recupera\u00e7\u00e3o do que j\u00e1 foi devastado foi apontada por Rafael Amorim (PDT) como uma d\u00edvida da sociedade. \u201cFomos respons\u00e1veis pela destrui\u00e7\u00e3o e devemos ser respons\u00e1veis tamb\u00e9m pelo resgate\u201d. Tico Jardim (Solidariedade) afirmou que o Atalaia \u00e9 um dos maiores espa\u00e7os com esse fim em todo o estado. \u201cPrecisamos manter locais assim para educar nossos filhos com essa sensibilidade\u201d.<\/p>\n\n\n\n<p>Jos\u00e9 Prestes (PTB) aproveitou a oportunidade para dizer que h\u00e1 casas irregulares em \u00e1reas protegidas na Bicuda, distrito da Regi\u00e3o Serrana. \u201cEst\u00e3o sendo constru\u00eddos barracos no meio do mato. A Secretaria do Meio Ambiente n\u00e3o toma provid\u00eancias\u201d.<\/p>\n\n\n\n<p><strong>Saneamento no Parque de Exposi\u00e7\u00f5es<\/strong><\/p>\n\n\n\n<p>Na sess\u00e3o foi aprovada tamb\u00e9m, entre outras propostas, a Indica\u00e7\u00e3o 1.881\/2023, de George Jardim (PSDB), solicitando ao governo construir cobertura e instalar ilumina\u00e7\u00e3o no Parque de Exposi\u00e7\u00e3o Latiff Mussi Rocha, em locais onde ocorrem eventos h\u00edpicos. O presidente Cesinha (Solidariedade) sugeriu ao Executivo a implanta\u00e7\u00e3o de saneamento. \u201cFoi boa a reforma do parque, mas n\u00e3o colocaram rede de esgoto\u201d.<\/p>\n\n\n\n<p>Segundo ele, s\u00f3 s\u00e3o poss\u00edveis festas ali porque caminh\u00f5es retiram os res\u00edduos. \u201cSeria bom incluir a rede no contrato para obras que est\u00e3o sendo feitas no Centro de Conven\u00e7\u00f5es\u201d, sustentou, referindo-se ao pr\u00e9dio existente ao lado do parque, localizado no Barreto. \u201cPrecisamos ocupar esses equipamentos p\u00fablicos durante o ano com eventos, numa agenda econ\u00f4mica produtiva para o munic\u00edpio\u201d.<\/p>\n","protected":false},"excerpt":{"rendered":"<p>A C\u00e2mara de Maca\u00e9 aprovou nesta ter\u00e7a-feira (10) o Projeto de Lei (PL) 34\/2023, do Executivo, para ampliar o Parque Natural Municipal do Atalaia. A defesa foi feita pelo l\u00edder do governo Luciano Diniz (Cidadania). \u201cTrata-se praticamente de uma duplica\u00e7\u00e3o. Diante de tantas cat\u00e1strofes nacionais e internacionais envolvendo o meio ambiente, a secretaria da \u00e1rea [&hellip;]<\/p>\n","protected":false},"author":2,"featured_media":9312,"comment_status":"open","ping_status":"open","sticky":true,"template":"","format":"standard","meta":{"footnotes":""},"categories":[1557,2],"tags":[],"class_list":["post-9311","post","type-post","status-publish","format-standard","has-post-thumbnail","hentry","category-camara","category-macae"],"_links":{"self":[{"href":"https:\/\/blogdodanielgalvao.com.br\/site\/wp-json\/wp\/v2\/posts\/9311","targetHints":{"allow":["GET"]}}],"collection":[{"href":"https:\/\/blogdodanielgalvao.com.br\/site\/wp-json\/wp\/v2\/posts"}],"about":[{"href":"https:\/\/blogdodanielgalvao.com.br\/site\/wp-json\/wp\/v2\/types\/post"}],"author":[{"embeddable":true,"href":"https:\/\/blogdodanielgalvao.com.br\/site\/wp-json\/wp\/v2\/users\/2"}],"replies":[{"embeddable":true,"href":"https:\/\/blogdodanielgalvao.com.br\/site\/wp-json\/wp\/v2\/comments?post=9311"}],"version-history":[{"count":1,"href":"https:\/\/blogdodanielgalvao.com.br\/site\/wp-json\/wp\/v2\/posts\/9311\/revisions"}],"predecessor-version":[{"id":9313,"href":"https:\/\/blogdodanielgalvao.com.br\/site\/wp-json\/wp\/v2\/posts\/9311\/revisions\/9313"}],"wp:featuredmedia":[{"embeddable":true,"href":"https:\/\/blogdodanielgalvao.com.br\/site\/wp-json\/wp\/v2\/media\/9312"}],"wp:attachment":[{"href":"https:\/\/blogdodanielgalvao.com.br\/site\/wp-json\/wp\/v2\/media?parent=9311"}],"wp:term":[{"taxonomy":"category","embeddable":true,"href":"https:\/\/blogdodanielgalvao.com.br\/site\/wp-json\/wp\/v2\/categories?post=9311"},{"taxonomy":"post_tag","embeddable":true,"href":"https:\/\/blogdodanielgalvao.com.br\/site\/wp-json\/wp\/v2\/tags?post=9311"}],"curies":[{"name":"wp","href":"https:\/\/api.w.org\/{rel}","templated":true}]}}