{"id":9307,"date":"2023-10-12T09:00:00","date_gmt":"2023-10-12T12:00:00","guid":{"rendered":"http:\/\/blogdodanielgalvao.com.br\/site\/?p=9307"},"modified":"2023-10-12T13:52:56","modified_gmt":"2023-10-12T16:52:56","slug":"prefeita-fatima-pacheco-participa-de-homenagem-aos-70-anos-da-petrobras-na-alerj","status":"publish","type":"post","link":"https:\/\/blogdodanielgalvao.com.br\/site\/prefeita-fatima-pacheco-participa-de-homenagem-aos-70-anos-da-petrobras-na-alerj\/","title":{"rendered":"Prefeita F\u00e1tima Pacheco participa de homenagem aos 70 anos da Petrobras na Alerj"},"content":{"rendered":"\n<p>A prefeita de Quissam\u00e3, F\u00e1tima Pacheco, participou da solenidade em comemora\u00e7\u00e3o aos 70 anos da Petrobras da Assembleia Legislativa do Rio de Janeiro (Alerj), nesta segunda-feira (9), \u00e0s 14h, no Pal\u00e1cio Tiradentes. A cerim\u00f4nia foi promovida pela deputada Martha Rocha e contou com a presen\u00e7a do&nbsp;presidente da Petrobras, Jean Paul Prates.&nbsp;<\/p>\n\n\n\n<p>\u201cEstou muito honrada em representar todos os munic\u00edpios do Estado do Rio nesta homenagem aos 70 anos da Petrobras. Uma empresa muito importante para o pa\u00eds e o Estado do Rio, no desenvolvimento das cidades. Sou de um munic\u00edpio do Norte Fluminense e posso pontuar o antes e depois dos royalties do petr\u00f3leo em nossa regi\u00e3o. Antes, t\u00ednhamos cidades empobrecidas, crian\u00e7as trabalhando, pessoas sem acesso \u00e0 Educa\u00e7\u00e3o e a Sa\u00fade de qualidade. Depois, conseguimos avan\u00e7ar em diversos pontos. Em Quissam\u00e3, hoje, lideramos o ranking das Cidades Sustent\u00e1veis no Estado do Rio, ofertando Educa\u00e7\u00e3o e Sa\u00fade de qualidade. Nossa crian\u00e7as n\u00e3o cortam mais cana, est\u00e3o na escola buscando um futuro cada vez melhor. Gostaria de parabenizar a deputada Martha Rocha pela iniciativa e ao presidente Jean Paul Prates por colocar a Petrobras novamente no caminho de uma empresa respeitada. A Petrobras \u00e9 nossa\u201d, disse F\u00e1tima Pacheco no plen\u00e1rio do Pal\u00e1cio Tiradentes.&nbsp;<\/p>\n\n\n\n<p>Fundada em 1953 pelo presidente Get\u00falio Vargas, a estatal \u00e9 um dos grandes legados trabalhistas. A Petrobras surgiu em meio a um contexto de p\u00f3s-guerras e amplos debates pol\u00edticos e econ\u00f4micos no mundo.<\/p>\n\n\n\n<p>\u201cA contribui\u00e7\u00e3o do Trabalhismo para a forma\u00e7\u00e3o e o desenvolvimento do Estado brasileiro \u00e9 imensa. Precisamos manter vivo esse legado, com o respeito \u00e0 maior de nossas conquistas: a democracia\u201d, disse a deputada Martha Rocha.<\/p>\n","protected":false},"excerpt":{"rendered":"<p>A prefeita de Quissam\u00e3, F\u00e1tima Pacheco, participou da solenidade em comemora\u00e7\u00e3o aos 70 anos da Petrobras da Assembleia Legislativa do Rio de Janeiro (Alerj), nesta segunda-feira (9), \u00e0s 14h, no Pal\u00e1cio Tiradentes. A cerim\u00f4nia foi promovida pela deputada Martha Rocha e contou com a presen\u00e7a do&nbsp;presidente da Petrobras, Jean Paul Prates.&nbsp; \u201cEstou muito honrada em [&hellip;]<\/p>\n","protected":false},"author":2,"featured_media":9309,"comment_status":"open","ping_status":"open","sticky":true,"template":"","format":"standard","meta":{"footnotes":""},"categories":[5],"tags":[],"class_list":["post-9307","post","type-post","status-publish","format-standard","has-post-thumbnail","hentry","category-quissama"],"_links":{"self":[{"href":"https:\/\/blogdodanielgalvao.com.br\/site\/wp-json\/wp\/v2\/posts\/9307","targetHints":{"allow":["GET"]}}],"collection":[{"href":"https:\/\/blogdodanielgalvao.com.br\/site\/wp-json\/wp\/v2\/posts"}],"about":[{"href":"https:\/\/blogdodanielgalvao.com.br\/site\/wp-json\/wp\/v2\/types\/post"}],"author":[{"embeddable":true,"href":"https:\/\/blogdodanielgalvao.com.br\/site\/wp-json\/wp\/v2\/users\/2"}],"replies":[{"embeddable":true,"href":"https:\/\/blogdodanielgalvao.com.br\/site\/wp-json\/wp\/v2\/comments?post=9307"}],"version-history":[{"count":1,"href":"https:\/\/blogdodanielgalvao.com.br\/site\/wp-json\/wp\/v2\/posts\/9307\/revisions"}],"predecessor-version":[{"id":9308,"href":"https:\/\/blogdodanielgalvao.com.br\/site\/wp-json\/wp\/v2\/posts\/9307\/revisions\/9308"}],"wp:featuredmedia":[{"embeddable":true,"href":"https:\/\/blogdodanielgalvao.com.br\/site\/wp-json\/wp\/v2\/media\/9309"}],"wp:attachment":[{"href":"https:\/\/blogdodanielgalvao.com.br\/site\/wp-json\/wp\/v2\/media?parent=9307"}],"wp:term":[{"taxonomy":"category","embeddable":true,"href":"https:\/\/blogdodanielgalvao.com.br\/site\/wp-json\/wp\/v2\/categories?post=9307"},{"taxonomy":"post_tag","embeddable":true,"href":"https:\/\/blogdodanielgalvao.com.br\/site\/wp-json\/wp\/v2\/tags?post=9307"}],"curies":[{"name":"wp","href":"https:\/\/api.w.org\/{rel}","templated":true}]}}