{"id":9303,"date":"2023-10-11T21:27:14","date_gmt":"2023-10-12T00:27:14","guid":{"rendered":"http:\/\/blogdodanielgalvao.com.br\/site\/?p=9303"},"modified":"2023-10-11T21:27:23","modified_gmt":"2023-10-12T00:27:23","slug":"governo-realiza-nova-reuniao-com-liderancas-do-sepe","status":"publish","type":"post","link":"https:\/\/blogdodanielgalvao.com.br\/site\/governo-realiza-nova-reuniao-com-liderancas-do-sepe\/","title":{"rendered":"Governo realiza nova reuni\u00e3o com lideran\u00e7as do SEPE"},"content":{"rendered":"\n<p>A amplia\u00e7\u00e3o de escolas p\u00fablicas municipais consideradas em \u00e1reas de risco e dif\u00edcil acesso, a manuten\u00e7\u00e3o dos agentes de servi\u00e7os gerais (ASG) nas unidades contemplados com novo servi\u00e7o de limpeza, o aumento dos recursos do Programa Municipal Dinheiro na Escola (PMDE), a instala\u00e7\u00e3o de novos sistemas de ar condicionado e lousas digitais e o andamento do processo de realiza\u00e7\u00e3o do concurso p\u00fablico foram apresentados nesta quarta-feira (11) pelo governo como a\u00e7\u00f5es efetivas realizadas com base nas agendas de di\u00e1logo com lideran\u00e7as do Sindicato Estadual dos Profissionais da Educa\u00e7\u00e3o (SEPE).<\/p>\n\n\n\n<p>Durante a nova reuni\u00e3o com os representantes do Sindicato, o prefeito Welberth Rezende voltou a destacar a disponibilidade do governo em manter uma agenda de di\u00e1logo com o SEPE, para avan\u00e7ar em pautas importantes para a rotina dos servidores e dos mais de 40 mil alunos matriculados na rede p\u00fablica municipal.<\/p>\n\n\n\n<p>&#8220;N\u00f3s j\u00e1 executamos a\u00e7\u00f5es pautadas nessas agendas com o Sindicato, o que representa a nossa disposi\u00e7\u00e3o em manter o di\u00e1logo que nos permite tamb\u00e9m apresentar a realidade or\u00e7ament\u00e1ria do munic\u00edpio&#8221;, destacou o prefeito.<\/p>\n\n\n\n<p>Na rotina das escolas, o governo j\u00e1 promoveu neste ano a revis\u00e3o da alimenta\u00e7\u00e3o dos alunos, atrav\u00e9s da divulga\u00e7\u00e3o do card\u00e1pio semanal dispon\u00edvel para a fiscaliza\u00e7\u00e3o dos pais e respons\u00e1veis.<\/p>\n\n\n\n<p>O aumento dos recursos do PMDE tamb\u00e9m foi apresentado pelo governo como medida que garante aos diretores autonomia para realizar a manuten\u00e7\u00e3o da rotina das escolas, atrav\u00e9s da aquisi\u00e7\u00e3o de insumos e a execu\u00e7\u00e3o de reparos. J\u00e1 o andamento do processo de realiza\u00e7\u00e3o do Concurso p\u00fablico tamb\u00e9m foi destacado pelo governo que realiza atualmente a avalia\u00e7\u00e3o do impacto financeiro e or\u00e7ament\u00e1rio de acordo com a previs\u00e3o do aumento dos cargos efetivos.<\/p>\n\n\n\n<p>Os reajustes salarial e dos aux\u00edlios de alimenta\u00e7\u00e3o e refei\u00e7\u00e3o garantidos pelo governo neste ano tamb\u00e9m foram pontuados na reuni\u00e3o que contou com a participa\u00e7\u00e3o do Procurador Geral do munic\u00edpio, Fabiano Paschoal; Procurador chefe de gabinete do prefeito, Rodrigo Cavour; e os Secret\u00e1rios de Governo, Juninho Luna; Educa\u00e7\u00e3o, Leandra Lopes; Educa\u00e7\u00e3o B\u00e1sica, Rob\u00e9rio Fernandes; de Fazenda, Carlos Wagner de Moraes; de Recursos Humanos, Arist\u00f3fanis Quirino; de Planejamento, Wagner Motta; do Controlador Geral do Munic\u00edpio, Edilson Santos; e do Procurador de Licita\u00e7\u00f5es e Contratos, Rodrigo Gusm\u00e3o.<\/p>\n","protected":false},"excerpt":{"rendered":"<p>A amplia\u00e7\u00e3o de escolas p\u00fablicas municipais consideradas em \u00e1reas de risco e dif\u00edcil acesso, a manuten\u00e7\u00e3o dos agentes de servi\u00e7os gerais (ASG) nas unidades contemplados com novo servi\u00e7o de limpeza, o aumento dos recursos do Programa Municipal Dinheiro na Escola (PMDE), a instala\u00e7\u00e3o de novos sistemas de ar condicionado e lousas digitais e o andamento [&hellip;]<\/p>\n","protected":false},"author":2,"featured_media":9304,"comment_status":"open","ping_status":"open","sticky":true,"template":"","format":"standard","meta":{"footnotes":""},"categories":[2],"tags":[],"class_list":["post-9303","post","type-post","status-publish","format-standard","has-post-thumbnail","hentry","category-macae"],"_links":{"self":[{"href":"https:\/\/blogdodanielgalvao.com.br\/site\/wp-json\/wp\/v2\/posts\/9303","targetHints":{"allow":["GET"]}}],"collection":[{"href":"https:\/\/blogdodanielgalvao.com.br\/site\/wp-json\/wp\/v2\/posts"}],"about":[{"href":"https:\/\/blogdodanielgalvao.com.br\/site\/wp-json\/wp\/v2\/types\/post"}],"author":[{"embeddable":true,"href":"https:\/\/blogdodanielgalvao.com.br\/site\/wp-json\/wp\/v2\/users\/2"}],"replies":[{"embeddable":true,"href":"https:\/\/blogdodanielgalvao.com.br\/site\/wp-json\/wp\/v2\/comments?post=9303"}],"version-history":[{"count":1,"href":"https:\/\/blogdodanielgalvao.com.br\/site\/wp-json\/wp\/v2\/posts\/9303\/revisions"}],"predecessor-version":[{"id":9305,"href":"https:\/\/blogdodanielgalvao.com.br\/site\/wp-json\/wp\/v2\/posts\/9303\/revisions\/9305"}],"wp:featuredmedia":[{"embeddable":true,"href":"https:\/\/blogdodanielgalvao.com.br\/site\/wp-json\/wp\/v2\/media\/9304"}],"wp:attachment":[{"href":"https:\/\/blogdodanielgalvao.com.br\/site\/wp-json\/wp\/v2\/media?parent=9303"}],"wp:term":[{"taxonomy":"category","embeddable":true,"href":"https:\/\/blogdodanielgalvao.com.br\/site\/wp-json\/wp\/v2\/categories?post=9303"},{"taxonomy":"post_tag","embeddable":true,"href":"https:\/\/blogdodanielgalvao.com.br\/site\/wp-json\/wp\/v2\/tags?post=9303"}],"curies":[{"name":"wp","href":"https:\/\/api.w.org\/{rel}","templated":true}]}}