{"id":9295,"date":"2023-10-09T15:27:37","date_gmt":"2023-10-09T18:27:37","guid":{"rendered":"http:\/\/blogdodanielgalvao.com.br\/site\/?p=9295"},"modified":"2023-10-09T15:27:47","modified_gmt":"2023-10-09T18:27:47","slug":"programa-de-assistencia-tecnica-publica-e-gratuita-de-habitacao-camara-derruba-veto-do-executivo","status":"publish","type":"post","link":"https:\/\/blogdodanielgalvao.com.br\/site\/programa-de-assistencia-tecnica-publica-e-gratuita-de-habitacao-camara-derruba-veto-do-executivo\/","title":{"rendered":"Programa de assist\u00eancia t\u00e9cnica p\u00fablica e gratuita de habita\u00e7\u00e3o: C\u00e2mara derruba veto do Executivo"},"content":{"rendered":"\n<p> Joelson do Pote fez defesa contr\u00e1ria ao veto e foi acompanhados por todos os parlamentares<\/p>\n\n\n\n<p><a href=\"https:\/\/www.novafriburgo.rj.leg.br\/institucional\/noticias\/programa-de-assistencia-tecnica-publica-e-gratuita-de-habitacao-camara-derruba-veto-do-executivo\/image\/image_view_fullscreen\"><\/a><\/p>\n\n\n\n<p>Programa de assist\u00eancia t\u00e9cnica p\u00fablica e gratuita de habita\u00e7\u00e3o: C\u00e2mara derruba veto do Executivo<\/p>\n\n\n\n<p>Em discuss\u00e3o \u00fanica, a&nbsp;C\u00e2mara de Vereadores&nbsp;derrubou o veto Executivo ao&nbsp;Projeto de Lei, de autoria do Vereador Joelson do Pote, que institui o programa de assist\u00eancia t\u00e9cnica p\u00fablica e gratuita para projeto de constru\u00e7\u00e3o de habita\u00e7\u00e3o de interesse social para fam\u00edlias de baixa renda.&nbsp;As motiva\u00e7\u00f5es para o veto foram lidas durante a sess\u00e3o ordin\u00e1ria, e Joelson do Pote p\u00f4de fazer a defesa contr\u00e1ria, sendo acompanhado por todos os parlamentares presentes.<\/p>\n\n\n\n<p>&#8220;Hoje vou falar exclusivamente sobre o veto, pois o projeto j\u00e1 foi mais do que explicado e defendido. O primeiro ponto \u00e9 o parecer favor\u00e1vel da Comiss\u00e3o de Constitui\u00e7\u00e3o e Justi\u00e7a da C\u00e2mara de Nova Friburgo, o que j\u00e1 respalda. J\u00e1 existe uma subsecretaria para colocar a proposta em pr\u00e1tica e, por isso, n\u00e3o estou gerando nenhum tipo de despesa para o munic\u00edpio. Sendo assim, defendo a derrubada do veto deste importante projeto para a nossa popula\u00e7\u00e3o&#8221;, resume Joelson.<\/p>\n\n\n\n<p>A proposta contempla fam\u00edlias com renda mensal de at\u00e9 tr\u00eas sal\u00e1rios-m\u00ednimos, que possuam um \u00fanico im\u00f3vel e residam no munic\u00edpio h\u00e1, pelo menos, cinco anos. Ser\u00e3o ofertadas assist\u00eancia t\u00e9cnica p\u00fablica e gratuita para elabora\u00e7\u00e3o do projeto de constru\u00e7\u00e3o, reforma, amplia\u00e7\u00e3o e regulariza\u00e7\u00e3o fundi\u00e1ria de habita\u00e7\u00e3o de interesse social. As despesas decorrentes da execu\u00e7\u00e3o desta lei correr\u00e3o por conta dos recursos da Uni\u00e3o, na forma da Lei Federal n\u00ba 11.888\/2008.<\/p>\n\n\n\n<p>O direito \u00e0 assist\u00eancia t\u00e9cnica abrange todos os trabalhos de projeto, acompanhamento e execu\u00e7\u00e3o de obras e servi\u00e7os a cargo dos profissionais das \u00e1reas de arquitetura, urbanismo e engenharia necess\u00e1rios para a edifica\u00e7\u00e3o, reforma, amplia\u00e7\u00e3o ou regulariza\u00e7\u00e3o fundi\u00e1ria da habita\u00e7\u00e3o. A Lei tamb\u00e9m objetiva otimizar e qualificar o uso e o aproveitamento racional do espa\u00e7o edificado e de seu entorno, bem como dos recursos humanos, t\u00e9cnicos e econ\u00f4micos empregados no projeto e na constru\u00e7\u00e3o da habita\u00e7\u00e3o; Formalizar o processo de edifica\u00e7\u00e3o, reforma ou amplia\u00e7\u00e3o e regulariza\u00e7\u00e3o da habita\u00e7\u00e3o junto ao poder p\u00fablico municipal; Evitar a ocupa\u00e7\u00e3o de \u00e1reas de risco e de interesse ambiental e promover o equil\u00edbrio das \u00e1reas constru\u00eddas pr\u00f3ximas a \u00e1reas de preserva\u00e7\u00e3o ambiental e propiciar e qualificar a ocupa\u00e7\u00e3o do s\u00edtio urbano em conson\u00e2ncia com a legisla\u00e7\u00e3o urban\u00edstica e ambiental.<\/p>\n\n\n\n<p>Os servi\u00e7os de assist\u00eancia t\u00e9cnica devem priorizar as iniciativas a serem implantadas sob regime de mutir\u00e3o ou auto gestion\u00e1rio, em zonas habitacionais declaradas por Lei como de interesse social. Os crit\u00e9rios para a sele\u00e7\u00e3o dos benefici\u00e1rios da assist\u00eancia t\u00e9cnica dever\u00e3o ser fixados pelo \u00f3rg\u00e3o colegiado do munic\u00edpio respons\u00e1vel pelas linhas de a\u00e7\u00e3o na \u00e1rea habitacional.<\/p>\n","protected":false},"excerpt":{"rendered":"<p>Joelson do Pote fez defesa contr\u00e1ria ao veto e foi acompanhados por todos os parlamentares Programa de assist\u00eancia t\u00e9cnica p\u00fablica e gratuita de habita\u00e7\u00e3o: C\u00e2mara derruba veto do Executivo Em discuss\u00e3o \u00fanica, a&nbsp;C\u00e2mara de Vereadores&nbsp;derrubou o veto Executivo ao&nbsp;Projeto de Lei, de autoria do Vereador Joelson do Pote, que institui o programa de assist\u00eancia t\u00e9cnica [&hellip;]<\/p>\n","protected":false},"author":2,"featured_media":9296,"comment_status":"open","ping_status":"open","sticky":true,"template":"","format":"standard","meta":{"footnotes":""},"categories":[321],"tags":[],"class_list":["post-9295","post","type-post","status-publish","format-standard","has-post-thumbnail","hentry","category-nova-friburgo"],"_links":{"self":[{"href":"https:\/\/blogdodanielgalvao.com.br\/site\/wp-json\/wp\/v2\/posts\/9295","targetHints":{"allow":["GET"]}}],"collection":[{"href":"https:\/\/blogdodanielgalvao.com.br\/site\/wp-json\/wp\/v2\/posts"}],"about":[{"href":"https:\/\/blogdodanielgalvao.com.br\/site\/wp-json\/wp\/v2\/types\/post"}],"author":[{"embeddable":true,"href":"https:\/\/blogdodanielgalvao.com.br\/site\/wp-json\/wp\/v2\/users\/2"}],"replies":[{"embeddable":true,"href":"https:\/\/blogdodanielgalvao.com.br\/site\/wp-json\/wp\/v2\/comments?post=9295"}],"version-history":[{"count":1,"href":"https:\/\/blogdodanielgalvao.com.br\/site\/wp-json\/wp\/v2\/posts\/9295\/revisions"}],"predecessor-version":[{"id":9298,"href":"https:\/\/blogdodanielgalvao.com.br\/site\/wp-json\/wp\/v2\/posts\/9295\/revisions\/9298"}],"wp:featuredmedia":[{"embeddable":true,"href":"https:\/\/blogdodanielgalvao.com.br\/site\/wp-json\/wp\/v2\/media\/9296"}],"wp:attachment":[{"href":"https:\/\/blogdodanielgalvao.com.br\/site\/wp-json\/wp\/v2\/media?parent=9295"}],"wp:term":[{"taxonomy":"category","embeddable":true,"href":"https:\/\/blogdodanielgalvao.com.br\/site\/wp-json\/wp\/v2\/categories?post=9295"},{"taxonomy":"post_tag","embeddable":true,"href":"https:\/\/blogdodanielgalvao.com.br\/site\/wp-json\/wp\/v2\/tags?post=9295"}],"curies":[{"name":"wp","href":"https:\/\/api.w.org\/{rel}","templated":true}]}}