{"id":9237,"date":"2023-09-25T14:57:27","date_gmt":"2023-09-25T17:57:27","guid":{"rendered":"http:\/\/blogdodanielgalvao.com.br\/site\/?p=9237"},"modified":"2023-09-25T14:57:35","modified_gmt":"2023-09-25T17:57:35","slug":"representante-da-cedae-chamado-a-dar-esclarecimentos","status":"publish","type":"post","link":"https:\/\/blogdodanielgalvao.com.br\/site\/representante-da-cedae-chamado-a-dar-esclarecimentos\/","title":{"rendered":"Representante da Cedae chamado a dar esclarecimentos"},"content":{"rendered":"\n<p>Foi aprovada nesta quarta-feira (20) proposi\u00e7\u00e3o de Luiz Matos (Republicanos) \u00e0 Mesa Diretora para que a C\u00e2mara de Maca\u00e9 chame um representante da Cedae \u00e0 Casa, a fim de esclarecer problemas nos servi\u00e7os. A data estabelecida \u00e9 a pr\u00f3xima ter\u00e7a-feira (26), no Grande Expediente, a partir das 10h.<\/p>\n\n\n\n<p>\u201cTemos a informa\u00e7\u00e3o de que a companhia disp\u00f5e de R$ 150 milh\u00f5es para investir na cidade, mas n\u00e3o vemos melhorias. Perguntamos isso por meio de requerimento, em junho do ano passado, e n\u00e3o tivemos resposta\u201d, disse o parlamentar.<\/p>\n\n\n\n<p>O presidente Cesinha (Solidariedade) apoiou. \u201cVai ser importante para confirmar essa informa\u00e7\u00e3o, se esse valor est\u00e1 ou n\u00e3o nos cofres da empresa\u201d. Cesinha disse ser favor\u00e1vel a municipalizar os servi\u00e7os, j\u00e1 que a prefeitura disp\u00f5e de estrutura e profissionais. Ele afirmou ainda que n\u00e3o concorda com a privatiza\u00e7\u00e3o. \u201cTamb\u00e9m n\u00e3o sou contra continuar com a Cedae, mas precisamos de outro contrato\u201d.<\/p>\n\n\n\n<p>O l\u00edder do governo Luciano Diniz (Cidadania), que \u00e9 funcion\u00e1rio da Cedae, isentou os servidores e explicou porque os valores, na verdade, de R$ 270 milh\u00f5es, n\u00e3o s\u00e3o aplicados. \u201cEles executam seu trabalho de manuten\u00e7\u00e3o com brilhantismo. O problema \u00e9 que o contrato caducou e um novo n\u00e3o pode ser feito sem licita\u00e7\u00e3o\u201d. Ele concordou com Cesinha sobre a privatiza\u00e7\u00e3o. \u201cNas m\u00e3os do setor privado, o interesse social n\u00e3o \u00e9 garantido\u201d.<\/p>\n\n\n\n<p><strong>Mais de R$ 5 milh\u00f5es de arrecada\u00e7\u00e3o<\/strong><\/p>\n\n\n\n<p>Segundo Luciano, das 92 cidades do Rio de Janeiro, apenas 15 continuam com a companhia. \u201cMaca\u00e9 \u00e9 rent\u00e1vel e gera arrecada\u00e7\u00e3o de R$ 5 milh\u00f5es a R$ 6 milh\u00f5es, mas n\u00e3o s\u00e3o investidos aqui. S\u00e3o distribu\u00eddos no restante do estado\u201d. O l\u00edder disse que o gerente local da Cedae, Andr\u00e9 Oliveira, vir\u00e1 solicitamente ao Legislativo para atender ao requerimento.<\/p>\n\n\n\n<p>Amaro Luiz (PRTB) responsabilizou a gest\u00e3o passada do munic\u00edpio pela precariedade do abastecimento no Lagomar. \u201cHavia o acordo de a prefeitura realizar obras necess\u00e1rias antes de a Cedae implantar os dutos, mas o governo n\u00e3o fez a sua parte\u201d.<\/p>\n","protected":false},"excerpt":{"rendered":"<p>Foi aprovada nesta quarta-feira (20) proposi\u00e7\u00e3o de Luiz Matos (Republicanos) \u00e0 Mesa Diretora para que a C\u00e2mara de Maca\u00e9 chame um representante da Cedae \u00e0 Casa, a fim de esclarecer problemas nos servi\u00e7os. A data estabelecida \u00e9 a pr\u00f3xima ter\u00e7a-feira (26), no Grande Expediente, a partir das 10h. \u201cTemos a informa\u00e7\u00e3o de que a companhia [&hellip;]<\/p>\n","protected":false},"author":2,"featured_media":9238,"comment_status":"open","ping_status":"open","sticky":true,"template":"","format":"standard","meta":{"footnotes":""},"categories":[2],"tags":[],"class_list":["post-9237","post","type-post","status-publish","format-standard","has-post-thumbnail","hentry","category-macae"],"_links":{"self":[{"href":"https:\/\/blogdodanielgalvao.com.br\/site\/wp-json\/wp\/v2\/posts\/9237","targetHints":{"allow":["GET"]}}],"collection":[{"href":"https:\/\/blogdodanielgalvao.com.br\/site\/wp-json\/wp\/v2\/posts"}],"about":[{"href":"https:\/\/blogdodanielgalvao.com.br\/site\/wp-json\/wp\/v2\/types\/post"}],"author":[{"embeddable":true,"href":"https:\/\/blogdodanielgalvao.com.br\/site\/wp-json\/wp\/v2\/users\/2"}],"replies":[{"embeddable":true,"href":"https:\/\/blogdodanielgalvao.com.br\/site\/wp-json\/wp\/v2\/comments?post=9237"}],"version-history":[{"count":1,"href":"https:\/\/blogdodanielgalvao.com.br\/site\/wp-json\/wp\/v2\/posts\/9237\/revisions"}],"predecessor-version":[{"id":9239,"href":"https:\/\/blogdodanielgalvao.com.br\/site\/wp-json\/wp\/v2\/posts\/9237\/revisions\/9239"}],"wp:featuredmedia":[{"embeddable":true,"href":"https:\/\/blogdodanielgalvao.com.br\/site\/wp-json\/wp\/v2\/media\/9238"}],"wp:attachment":[{"href":"https:\/\/blogdodanielgalvao.com.br\/site\/wp-json\/wp\/v2\/media?parent=9237"}],"wp:term":[{"taxonomy":"category","embeddable":true,"href":"https:\/\/blogdodanielgalvao.com.br\/site\/wp-json\/wp\/v2\/categories?post=9237"},{"taxonomy":"post_tag","embeddable":true,"href":"https:\/\/blogdodanielgalvao.com.br\/site\/wp-json\/wp\/v2\/tags?post=9237"}],"curies":[{"name":"wp","href":"https:\/\/api.w.org\/{rel}","templated":true}]}}