{"id":9224,"date":"2023-09-23T20:50:45","date_gmt":"2023-09-23T23:50:45","guid":{"rendered":"http:\/\/blogdodanielgalvao.com.br\/site\/?p=9224"},"modified":"2023-09-23T20:50:48","modified_gmt":"2023-09-23T23:50:48","slug":"defesa-civil-participa-de-inauguracao-em-macae","status":"publish","type":"post","link":"https:\/\/blogdodanielgalvao.com.br\/site\/defesa-civil-participa-de-inauguracao-em-macae\/","title":{"rendered":"Defesa Civil participa de inaugura\u00e7\u00e3o em Maca\u00e9"},"content":{"rendered":"\n<p>Rio das Ostras participou na \u00faltima ter\u00e7a-feira, 19, representada&nbsp;pelo coordenador de Defesa Civil, Jorge Mazzo, e pelos assessores t\u00e9cnicos Luiz Carlos Carvalho e Luiz Paulo Aloe&nbsp;da inaugura\u00e7\u00e3o do Centro de Monitoramento e Opera\u00e7\u00f5es (CMO) da Secretaria Adjunta de Defesa Civil de Maca\u00e9.&nbsp;O encontro teve como objetivo&nbsp;conhecer novas iniciativas que possam ser adaptadas para o Munic\u00edpio e que possam melhorar o atendimento \u00e0 popula\u00e7\u00e3o.<\/p>\n\n\n\n<p>Os representantes&nbsp;do Munic\u00edpio puderam conhecer&nbsp;os&nbsp;membros&nbsp;das&nbsp;universidades&nbsp;parceiras&nbsp;que contribu\u00edram na viabiliza\u00e7\u00e3o&nbsp;do Centro de Monitoramento&nbsp;e Opera\u00e7\u00f5es de Maca\u00e9 e debateram poss\u00edveis parcerias e novidades&nbsp;na \u00e1rea de Prote\u00e7\u00e3o e Defesa Civil para a Cidade.<\/p>\n\n\n\n<p>\u201cJ\u00e1 estamos fazendo cursos sobre meteorologia e Defesa Civil e j\u00e1 pensando no futuro, quando poderemos ter tamb\u00e9m o nosso Centro de Monitoramento. Eles s\u00e3o importantes para que possamos ter mais acertabilidade nas previs\u00f5es e para que possamos trabalhar melhor na preven\u00e7\u00e3o\u201d, contou Jorge Mazzo, coordenador de Defesa Civil de Rio das Ostras.<\/p>\n","protected":false},"excerpt":{"rendered":"<p>Rio das Ostras participou na \u00faltima ter\u00e7a-feira, 19, representada&nbsp;pelo coordenador de Defesa Civil, Jorge Mazzo, e pelos assessores t\u00e9cnicos Luiz Carlos Carvalho e Luiz Paulo Aloe&nbsp;da inaugura\u00e7\u00e3o do Centro de Monitoramento e Opera\u00e7\u00f5es (CMO) da Secretaria Adjunta de Defesa Civil de Maca\u00e9.&nbsp;O encontro teve como objetivo&nbsp;conhecer novas iniciativas que possam ser adaptadas para o Munic\u00edpio [&hellip;]<\/p>\n","protected":false},"author":2,"featured_media":9225,"comment_status":"open","ping_status":"open","sticky":true,"template":"","format":"standard","meta":{"footnotes":""},"categories":[4],"tags":[],"class_list":["post-9224","post","type-post","status-publish","format-standard","has-post-thumbnail","hentry","category-rio-das-ostras"],"_links":{"self":[{"href":"https:\/\/blogdodanielgalvao.com.br\/site\/wp-json\/wp\/v2\/posts\/9224","targetHints":{"allow":["GET"]}}],"collection":[{"href":"https:\/\/blogdodanielgalvao.com.br\/site\/wp-json\/wp\/v2\/posts"}],"about":[{"href":"https:\/\/blogdodanielgalvao.com.br\/site\/wp-json\/wp\/v2\/types\/post"}],"author":[{"embeddable":true,"href":"https:\/\/blogdodanielgalvao.com.br\/site\/wp-json\/wp\/v2\/users\/2"}],"replies":[{"embeddable":true,"href":"https:\/\/blogdodanielgalvao.com.br\/site\/wp-json\/wp\/v2\/comments?post=9224"}],"version-history":[{"count":1,"href":"https:\/\/blogdodanielgalvao.com.br\/site\/wp-json\/wp\/v2\/posts\/9224\/revisions"}],"predecessor-version":[{"id":9226,"href":"https:\/\/blogdodanielgalvao.com.br\/site\/wp-json\/wp\/v2\/posts\/9224\/revisions\/9226"}],"wp:featuredmedia":[{"embeddable":true,"href":"https:\/\/blogdodanielgalvao.com.br\/site\/wp-json\/wp\/v2\/media\/9225"}],"wp:attachment":[{"href":"https:\/\/blogdodanielgalvao.com.br\/site\/wp-json\/wp\/v2\/media?parent=9224"}],"wp:term":[{"taxonomy":"category","embeddable":true,"href":"https:\/\/blogdodanielgalvao.com.br\/site\/wp-json\/wp\/v2\/categories?post=9224"},{"taxonomy":"post_tag","embeddable":true,"href":"https:\/\/blogdodanielgalvao.com.br\/site\/wp-json\/wp\/v2\/tags?post=9224"}],"curies":[{"name":"wp","href":"https:\/\/api.w.org\/{rel}","templated":true}]}}