{"id":9181,"date":"2023-09-13T10:56:18","date_gmt":"2023-09-13T13:56:18","guid":{"rendered":"http:\/\/blogdodanielgalvao.com.br\/site\/?p=9181"},"modified":"2023-09-23T20:39:49","modified_gmt":"2023-09-23T23:39:49","slug":"saude-e-educacao-de-quissama-se-mobilizam-para-vacinacao-das-criancas-contra-hpv-e-meningite","status":"publish","type":"post","link":"https:\/\/blogdodanielgalvao.com.br\/site\/saude-e-educacao-de-quissama-se-mobilizam-para-vacinacao-das-criancas-contra-hpv-e-meningite\/","title":{"rendered":"Sa\u00fade e Educa\u00e7\u00e3o de Quissam\u00e3 se mobilizam para vacina\u00e7\u00e3o das crian\u00e7as contra HPV e Meningite"},"content":{"rendered":"\n<p>A Prefeitura de Quissam\u00e3, atrav\u00e9s do Programa de Imuniza\u00e7\u00e3o, vinculado \u00e0 Secretaria de Sa\u00fade, est\u00e1 levando a vacina\u00e7\u00e3o contra a HPV e Meningite para as escolas municipais. O objetivo \u00e9 contar com apoio dos pais para aumentar a cobertura vacinal contra as doen\u00e7as. Nesta ter\u00e7a-feira (12), a equipe de imuniza\u00e7\u00e3o esteve na Escola Municipal Prof. Miguel \u00c2ngelo da Silva Santos.<\/p>\n\n\n\n<p>A coordenadora do Programa de Imuniza\u00e7\u00e3o, Nat\u00e1lia Vila\u00e7a, explica que a mobiliza\u00e7\u00e3o est\u00e1 sendo realizada para que mais crian\u00e7as sejam vacinadas, uma vez que a idade \u00e9 entre 9 a 13 anos de idade e precisa da autoriza\u00e7\u00e3o dos pais e do cart\u00e3o de vacina\u00e7\u00e3o.<\/p>\n\n\n\n<p>\u201cEstamos percorrendo todas as escolas nessa faixa et\u00e1ria para fazer a aplica\u00e7\u00e3o das vacinas. Ent\u00e3o a gente est\u00e1 iniciando essa semana e pretendemos fazer em todas as escolas nessa faixa et\u00e1ria. \u00c9 importante a colabora\u00e7\u00e3o dos pais para estarem assinando a autoriza\u00e7\u00e3o. E s\u00f3 conseguimos fazer a aplica\u00e7\u00e3o com o cart\u00e3o em m\u00e3os para podermos avaliar essa necessidade\u201d, disse Nat\u00e1lia Vila\u00e7a.<\/p>\n\n\n\n<p>As campanhas nacional e municipal de vacina\u00e7\u00e3o s\u00e3o desenvolvidas dentro das escolas e creches. Mas assim como a Sa\u00fade, a Educa\u00e7\u00e3o tamb\u00e9m incentiva e trabalha na conscientiza\u00e7\u00e3o dos pais e alunos para garantir a imuniza\u00e7\u00e3o de todos, como ressalta a diretora pedag\u00f3gica do Miguel \u00c2ngelo, Adriana Silva.<\/p>\n\n\n\n<p>\u201cHoje estamos recebendo a vacina\u00e7\u00e3o, em parceria com a Sa\u00fade. Promovendo esse momento importante, onde as crian\u00e7as est\u00e3o trazendo termos de autoriza\u00e7\u00e3o. Para os pais e respons\u00e1veis estarem enviando seus filhos para a escola, porque \u00e9 um momento onde eles est\u00e3o sendo imunizados com a vacina\u00e7\u00e3o, que \u00e9 muito importante para cada um\u201d, disse Adriana.<\/p>\n\n\n\n<p>A vacina\u00e7\u00e3o contra HPV e Meningite segue nesta semana em mais duas unidades. Nesta quarta (13), acontece na E. M. Ign\u00e1cio Hugo de Souza, e na quinta (14), na E. M. Prof.\u00aa Maria de Lourdes de Castro Ribeiro, nos hor\u00e1rios de 8h30 \u00e0s 10h30 e 13h30 a 14h30.<\/p>\n","protected":false},"excerpt":{"rendered":"<p>A Prefeitura de Quissam\u00e3, atrav\u00e9s do Programa de Imuniza\u00e7\u00e3o, vinculado \u00e0 Secretaria de Sa\u00fade, est\u00e1 levando a vacina\u00e7\u00e3o contra a HPV e Meningite para as escolas municipais. O objetivo \u00e9 contar com apoio dos pais para aumentar a cobertura vacinal contra as doen\u00e7as. Nesta ter\u00e7a-feira (12), a equipe de imuniza\u00e7\u00e3o esteve na Escola Municipal Prof. [&hellip;]<\/p>\n","protected":false},"author":2,"featured_media":9182,"comment_status":"open","ping_status":"open","sticky":true,"template":"","format":"standard","meta":{"footnotes":""},"categories":[1],"tags":[],"class_list":["post-9181","post","type-post","status-publish","format-standard","has-post-thumbnail","hentry","category-sem-categoria"],"_links":{"self":[{"href":"https:\/\/blogdodanielgalvao.com.br\/site\/wp-json\/wp\/v2\/posts\/9181","targetHints":{"allow":["GET"]}}],"collection":[{"href":"https:\/\/blogdodanielgalvao.com.br\/site\/wp-json\/wp\/v2\/posts"}],"about":[{"href":"https:\/\/blogdodanielgalvao.com.br\/site\/wp-json\/wp\/v2\/types\/post"}],"author":[{"embeddable":true,"href":"https:\/\/blogdodanielgalvao.com.br\/site\/wp-json\/wp\/v2\/users\/2"}],"replies":[{"embeddable":true,"href":"https:\/\/blogdodanielgalvao.com.br\/site\/wp-json\/wp\/v2\/comments?post=9181"}],"version-history":[{"count":1,"href":"https:\/\/blogdodanielgalvao.com.br\/site\/wp-json\/wp\/v2\/posts\/9181\/revisions"}],"predecessor-version":[{"id":9183,"href":"https:\/\/blogdodanielgalvao.com.br\/site\/wp-json\/wp\/v2\/posts\/9181\/revisions\/9183"}],"wp:featuredmedia":[{"embeddable":true,"href":"https:\/\/blogdodanielgalvao.com.br\/site\/wp-json\/wp\/v2\/media\/9182"}],"wp:attachment":[{"href":"https:\/\/blogdodanielgalvao.com.br\/site\/wp-json\/wp\/v2\/media?parent=9181"}],"wp:term":[{"taxonomy":"category","embeddable":true,"href":"https:\/\/blogdodanielgalvao.com.br\/site\/wp-json\/wp\/v2\/categories?post=9181"},{"taxonomy":"post_tag","embeddable":true,"href":"https:\/\/blogdodanielgalvao.com.br\/site\/wp-json\/wp\/v2\/tags?post=9181"}],"curies":[{"name":"wp","href":"https:\/\/api.w.org\/{rel}","templated":true}]}}