{"id":9172,"date":"2023-09-08T17:48:26","date_gmt":"2023-09-08T20:48:26","guid":{"rendered":"http:\/\/blogdodanielgalvao.com.br\/site\/?p=9172"},"modified":"2023-09-23T20:40:10","modified_gmt":"2023-09-23T23:40:10","slug":"comissao-da-alerj-discute-os-efeitos-da-reforma-tributaria-no-estado-do-rio","status":"publish","type":"post","link":"https:\/\/blogdodanielgalvao.com.br\/site\/comissao-da-alerj-discute-os-efeitos-da-reforma-tributaria-no-estado-do-rio\/","title":{"rendered":"COMISS\u00c3O DA ALERJ DISCUTE OS EFEITOS DA REFORMA TRIBUT\u00c1RIA NO ESTADO DO RIO"},"content":{"rendered":"\n<p><br>A Comiss\u00e3o de Tributa\u00e7\u00e3o, da Assembleia Legislativa do Estado do Rio de Janeiro (Alerj), realiza na pr\u00f3xima segunda-feira (11\/09) audi\u00eancia p\u00fablica para debater os efeitos da Reforma Tribut\u00e1ria no Estado do Rio. A reforma est\u00e1 prevista na Proposta de Emenda Constitucional 45\/2019, aprovada na C\u00e2mara Federal em julho deste ano. A reuni\u00e3o ser\u00e1 \u00e0s 10h, no audit\u00f3rio da Ordem dos Advogados do Brasil (OAB), no centro de Nova Igua\u00e7u.<\/p>\n\n\n\n<p>Segundo o presidente da Comiss\u00e3o de Tributa\u00e7\u00e3o, deputado Arthur Monteiro (Pode), a Emenda Constitucional ainda ter\u00e1 que ser analisada pelo Senado Federal, mas os debates nos estados j\u00e1 seguem sendo feitos.<\/p>\n\n\n\n<p>\u201cA reforma traz grandes impactos para estados e munic\u00edpios. Por isso, \u00e9 fundamental trazer este debate para as cidades metropolitanas e n\u00e3o discutir o tema apenas na capital. Nova Igua\u00e7u \u00e9 um munic\u00edpio relevante em rela\u00e7\u00e3o \u00e0 arrecada\u00e7\u00e3o de tributos no nosso estado. A nossa principal preocupa\u00e7\u00e3o \u00e9 que munic\u00edpios fluminenses n\u00e3o percam a&nbsp;sua autonomia e muito menos receita\u201d, afirmou Monteiro.<\/p>\n","protected":false},"excerpt":{"rendered":"<p>A Comiss\u00e3o de Tributa\u00e7\u00e3o, da Assembleia Legislativa do Estado do Rio de Janeiro (Alerj), realiza na pr\u00f3xima segunda-feira (11\/09) audi\u00eancia p\u00fablica para debater os efeitos da Reforma Tribut\u00e1ria no Estado do Rio. A reforma est\u00e1 prevista na Proposta de Emenda Constitucional 45\/2019, aprovada na C\u00e2mara Federal em julho deste ano. A reuni\u00e3o ser\u00e1 \u00e0s 10h, [&hellip;]<\/p>\n","protected":false},"author":2,"featured_media":9173,"comment_status":"open","ping_status":"open","sticky":true,"template":"","format":"standard","meta":{"footnotes":""},"categories":[1865],"tags":[],"class_list":["post-9172","post","type-post","status-publish","format-standard","has-post-thumbnail","hentry","category-alerj"],"_links":{"self":[{"href":"https:\/\/blogdodanielgalvao.com.br\/site\/wp-json\/wp\/v2\/posts\/9172","targetHints":{"allow":["GET"]}}],"collection":[{"href":"https:\/\/blogdodanielgalvao.com.br\/site\/wp-json\/wp\/v2\/posts"}],"about":[{"href":"https:\/\/blogdodanielgalvao.com.br\/site\/wp-json\/wp\/v2\/types\/post"}],"author":[{"embeddable":true,"href":"https:\/\/blogdodanielgalvao.com.br\/site\/wp-json\/wp\/v2\/users\/2"}],"replies":[{"embeddable":true,"href":"https:\/\/blogdodanielgalvao.com.br\/site\/wp-json\/wp\/v2\/comments?post=9172"}],"version-history":[{"count":1,"href":"https:\/\/blogdodanielgalvao.com.br\/site\/wp-json\/wp\/v2\/posts\/9172\/revisions"}],"predecessor-version":[{"id":9174,"href":"https:\/\/blogdodanielgalvao.com.br\/site\/wp-json\/wp\/v2\/posts\/9172\/revisions\/9174"}],"wp:featuredmedia":[{"embeddable":true,"href":"https:\/\/blogdodanielgalvao.com.br\/site\/wp-json\/wp\/v2\/media\/9173"}],"wp:attachment":[{"href":"https:\/\/blogdodanielgalvao.com.br\/site\/wp-json\/wp\/v2\/media?parent=9172"}],"wp:term":[{"taxonomy":"category","embeddable":true,"href":"https:\/\/blogdodanielgalvao.com.br\/site\/wp-json\/wp\/v2\/categories?post=9172"},{"taxonomy":"post_tag","embeddable":true,"href":"https:\/\/blogdodanielgalvao.com.br\/site\/wp-json\/wp\/v2\/tags?post=9172"}],"curies":[{"name":"wp","href":"https:\/\/api.w.org\/{rel}","templated":true}]}}