{"id":9121,"date":"2023-08-30T18:53:25","date_gmt":"2023-08-30T21:53:25","guid":{"rendered":"http:\/\/blogdodanielgalvao.com.br\/site\/?p=9121"},"modified":"2023-08-30T18:53:34","modified_gmt":"2023-08-30T21:53:34","slug":"em-busca-de-parcerias-para-impulsionar-o-potencial-energetico-fluminense-governador-se-reune-com-diretores-do-instituto-de-tecnologia-de-massachusetts","status":"publish","type":"post","link":"https:\/\/blogdodanielgalvao.com.br\/site\/em-busca-de-parcerias-para-impulsionar-o-potencial-energetico-fluminense-governador-se-reune-com-diretores-do-instituto-de-tecnologia-de-massachusetts\/","title":{"rendered":"Em busca de parcerias para impulsionar o potencial energ\u00e9tico fluminense, governador se re\u00fane com diretores do Instituto de Tecnologia de Massachusetts"},"content":{"rendered":"\n<p>Para discutir solu\u00e7\u00f5es eficientes e impulsionar o potencial energ\u00e9tico do Estado do Rio de Janeiro, o governador Cl\u00e1udio Castro se reuniu, nesta quarta-feira (30\/08), com diretores do Instituto de Tecnologia de Massachusetts (MIT), considerada uma das melhores institui\u00e7\u00f5es do mundo na \u00e1rea. O aperfei\u00e7oamento e a cria\u00e7\u00e3o de novos projetos que reduzam a emiss\u00e3o de gases de efeito estufa, garantam a seguran\u00e7a energ\u00e9tica e ajudem no crescimento econ\u00f4mico fluminense foram o tema da conversa.<\/p>\n\n\n\n<p>O Governo do Estado est\u00e1 desenvolvendo programas e a\u00e7\u00f5es para tornar o Rio de Janeiro refer\u00eancia na transi\u00e7\u00e3o energ\u00e9tica. Hoje, a matriz fluminense est\u00e1 dividida em T\u00e9rmica (62,6%), Nuclear (17,8%), Hidrel\u00e9trica (11,6%), Solar (7,7%) e E\u00f3lica (0,2%). O estado tamb\u00e9m \u00e9 o maior produtor nacional de g\u00e1s natural (70%) e de petr\u00f3leo (85%), al\u00e9m de se destacar no Brasil na gera\u00e7\u00e3o de biog\u00e1s (197 milh\u00f5es de m3\/ano) e de biometano (28,6 milh\u00f5es de m3\/ano).<\/p>\n\n\n\n<p>&#8211; Tenho viajado aqui, para os Estados Unidos, e para a Europa em busca de parcerias para tratar de fontes alternativas de energia e elabora\u00e7\u00e3o de projetos de efici\u00eancia energ\u00e9tica. Temos importantes matrizes em desenvolvimento, como a solar. S\u00e3o 97,4 mil conex\u00f5es operacionais de energia solar em telhados, fachadas e pequenos terrenos, com R$ 4,4 bilh\u00f5es investidos. O Rio conta tamb\u00e9m com o maior investimento privado da Am\u00e9rica Latina: o Porto do A\u00e7u, que j\u00e1 possui projetos em hidrog\u00eanio verde, e \u00e9 considerado como porta de entrada para os investimentos no pa\u00eds &#8211; explicou o governador.<\/p>\n\n\n\n<p>Durante o encontro com o diretor do MIT Energy Initiative, Robert Stoner, e o diretor-executivo do Future Energy Systems Center, Randall Field, foram apresentadas metodologias que podem ser compartilhadas com o governo estadual. A meta \u00e9 que alguns dos 90 programas da universidade norte-americana possam contribuir para o desenvolvimento urbano do Rio.<\/p>\n\n\n\n<p>&#8211; Podemos aprender uns com os outros. Os projetos que foram apresentados pelo Governo do Rio nos impressionaram. H\u00e1 grandes oportunidades no setor energ\u00e9tico, o que \u00e9 fundamental para o crescimento econ\u00f4mico. N\u00f3s, do MIT, ajudamos companhias e \u00f3rg\u00e3os p\u00fablicos a enfrentarem os desafios do setor, com foco em transporte e ind\u00fastrias, e teremos o prazer de trocar informa\u00e7\u00f5es com o Governo do Rio \u2013 disse Stoner.<\/p>\n\n\n\n<p>O secret\u00e1rio de Energia e Economia do Mar, Hugo Leal, destacou o protagonismo do Rio, no Brasil, na gera\u00e7\u00e3o de energia nuclear. Juntas, as usinas de Angra 1 e 2 possuem pot\u00eancia instalada de 1,9 GW. Em breve, ser\u00e1 instalada Angra 3, que ter\u00e1 1,4 GW e previs\u00e3o para in\u00edcio de opera\u00e7\u00e3o no segundo semestre de 2029.<\/p>\n\n\n\n<p>&#8211; Tudo que discutimos na reuni\u00e3o com os diretores do Instituto de Tecnologia de Massachusetts vai de encontro com as nossas metas e ideias. Acho que, no futuro, podemos ampliar o di\u00e1logo com o MIT, que j\u00e1 recebeu o Pr\u00eamio Nobel e tem um dos melhores programas de inova\u00e7\u00e3o do mundo energ\u00e9tico &#8211; ressaltou.<\/p>\n\n\n\n<p><br>&nbsp;<br>Os secret\u00e1rios de Governo, Bernardo Rossi, e do Gabinete do Governador, Rodrigo Abel, e o subsecret\u00e1rio de Comunica\u00e7\u00e3o Social, Igor Marques, al\u00e9m da deputada Laura Carneiro, tamb\u00e9m participaram da reuni\u00e3o.<\/p>\n","protected":false},"excerpt":{"rendered":"<p>Para discutir solu\u00e7\u00f5es eficientes e impulsionar o potencial energ\u00e9tico do Estado do Rio de Janeiro, o governador Cl\u00e1udio Castro se reuniu, nesta quarta-feira (30\/08), com diretores do Instituto de Tecnologia de Massachusetts (MIT), considerada uma das melhores institui\u00e7\u00f5es do mundo na \u00e1rea. O aperfei\u00e7oamento e a cria\u00e7\u00e3o de novos projetos que reduzam a emiss\u00e3o de [&hellip;]<\/p>\n","protected":false},"author":2,"featured_media":9122,"comment_status":"open","ping_status":"open","sticky":true,"template":"","format":"standard","meta":{"footnotes":""},"categories":[304],"tags":[],"class_list":["post-9121","post","type-post","status-publish","format-standard","has-post-thumbnail","hentry","category-rio-de-janeiro"],"_links":{"self":[{"href":"https:\/\/blogdodanielgalvao.com.br\/site\/wp-json\/wp\/v2\/posts\/9121","targetHints":{"allow":["GET"]}}],"collection":[{"href":"https:\/\/blogdodanielgalvao.com.br\/site\/wp-json\/wp\/v2\/posts"}],"about":[{"href":"https:\/\/blogdodanielgalvao.com.br\/site\/wp-json\/wp\/v2\/types\/post"}],"author":[{"embeddable":true,"href":"https:\/\/blogdodanielgalvao.com.br\/site\/wp-json\/wp\/v2\/users\/2"}],"replies":[{"embeddable":true,"href":"https:\/\/blogdodanielgalvao.com.br\/site\/wp-json\/wp\/v2\/comments?post=9121"}],"version-history":[{"count":1,"href":"https:\/\/blogdodanielgalvao.com.br\/site\/wp-json\/wp\/v2\/posts\/9121\/revisions"}],"predecessor-version":[{"id":9123,"href":"https:\/\/blogdodanielgalvao.com.br\/site\/wp-json\/wp\/v2\/posts\/9121\/revisions\/9123"}],"wp:featuredmedia":[{"embeddable":true,"href":"https:\/\/blogdodanielgalvao.com.br\/site\/wp-json\/wp\/v2\/media\/9122"}],"wp:attachment":[{"href":"https:\/\/blogdodanielgalvao.com.br\/site\/wp-json\/wp\/v2\/media?parent=9121"}],"wp:term":[{"taxonomy":"category","embeddable":true,"href":"https:\/\/blogdodanielgalvao.com.br\/site\/wp-json\/wp\/v2\/categories?post=9121"},{"taxonomy":"post_tag","embeddable":true,"href":"https:\/\/blogdodanielgalvao.com.br\/site\/wp-json\/wp\/v2\/tags?post=9121"}],"curies":[{"name":"wp","href":"https:\/\/api.w.org\/{rel}","templated":true}]}}