{"id":9115,"date":"2023-08-29T09:37:06","date_gmt":"2023-08-29T12:37:06","guid":{"rendered":"http:\/\/blogdodanielgalvao.com.br\/site\/?p=9115"},"modified":"2023-08-29T09:37:11","modified_gmt":"2023-08-29T12:37:11","slug":"governo-prioriza-captacao-e-aplicacao-de-recursos-federais","status":"publish","type":"post","link":"https:\/\/blogdodanielgalvao.com.br\/site\/governo-prioriza-captacao-e-aplicacao-de-recursos-federais\/","title":{"rendered":"Governo prioriza capta\u00e7\u00e3o e aplica\u00e7\u00e3o de recursos federais"},"content":{"rendered":"\n<p>A elabora\u00e7\u00e3o de projetos e programas de assist\u00eancia \u00e0 popula\u00e7\u00e3o que possam viabilizar solu\u00e7\u00f5es importantes para a expans\u00e3o do munic\u00edpio, atrav\u00e9s da capta\u00e7\u00e3o e execu\u00e7\u00e3o de recursos dispon\u00edveis no or\u00e7amento da Uni\u00e3o, segue como prioridade para o governo municipal, que planeja o desenvolvimento de Maca\u00e9 diante do novo ciclo econ\u00f4mico gerado pela din\u00e2mica do mercado de \u00f3leo, g\u00e1s e energia.<\/p>\n\n\n\n<p>A aplica\u00e7\u00e3o de repasses e a utiliza\u00e7\u00e3o de verbas destinadas por Secretarias e Minist\u00e9rios do governo federal, em \u00e1reas priorit\u00e1rias para a administra\u00e7\u00e3o do munic\u00edpio como Sa\u00fade, Educa\u00e7\u00e3o e Desenvolvimento Social, foi determinada pelo prefeito Welberth Rezende ao se reunir, nesta segunda-feira (28), com gestores do governo respons\u00e1veis por implementar programas que integram iniciativas compartilhadas pela prefeitura, Estado e Uni\u00e3o.<\/p>\n\n\n\n<blockquote class=\"wp-block-quote is-layout-flow wp-block-quote-is-layout-flow\">\n<p>&#8220;\u00c9 necess\u00e1rio buscar esses recursos e priorizar a execu\u00e7\u00e3o de programas que tamb\u00e9m s\u00e3o financiados pela Uni\u00e3o. Avan\u00e7amos muito na execu\u00e7\u00e3o de projetos que melhoraram a qualidade de vida da popula\u00e7\u00e3o, mas n\u00e3o podemos abrir m\u00e3o das verbas destinadas pelo Estado e Uni\u00e3o que nos auxiliam a garantir a assist\u00eancia plena aos macaenses, em \u00e1reas priorit\u00e1rias para o nosso governo&#8221;, destacou o prefeito.<\/p>\n<\/blockquote>\n\n\n\n<p>A elabora\u00e7\u00e3o de novos programas, como a implementa\u00e7\u00e3o da moeda social para a popula\u00e7\u00e3o em situa\u00e7\u00e3o de vulnerabilidade social, e o cumprimento dos Objetivos de Desenvolvimento Sustent\u00e1vel (ODS), propostas pela Organiza\u00e7\u00e3o das Na\u00e7\u00f5es Unidas (ONU), foram citadas pelo prefeito como prioridades que devem ser executadas pelo munic\u00edpio atrav\u00e9s da capta\u00e7\u00e3o de recursos junto ao governo federal.<\/p>\n\n\n\n<p>A reuni\u00e3o contou com a participa\u00e7\u00e3o de representantes das Secretarias de Ordem P\u00fablica, Agroeconomia, Infraestrutura e Obras, Mobilidade Urbana, Cultura, Desenvolvimento Social, Rela\u00e7\u00f5es Institucionais, Sa\u00fade e Educa\u00e7\u00e3o, que ter\u00e3o o suporte das equipes da Fazenda, Planejamento e Governo, al\u00e9m da Controladoria Geral do Munic\u00edpio e a Procuradoria da Chefia de Gabinete que promovem o mapeamento de recursos acess\u00edveis nos or\u00e7amentos dos governos estadual e federal.<\/p>\n","protected":false},"excerpt":{"rendered":"<p>A elabora\u00e7\u00e3o de projetos e programas de assist\u00eancia \u00e0 popula\u00e7\u00e3o que possam viabilizar solu\u00e7\u00f5es importantes para a expans\u00e3o do munic\u00edpio, atrav\u00e9s da capta\u00e7\u00e3o e execu\u00e7\u00e3o de recursos dispon\u00edveis no or\u00e7amento da Uni\u00e3o, segue como prioridade para o governo municipal, que planeja o desenvolvimento de Maca\u00e9 diante do novo ciclo econ\u00f4mico gerado pela din\u00e2mica do mercado [&hellip;]<\/p>\n","protected":false},"author":2,"featured_media":9116,"comment_status":"open","ping_status":"open","sticky":true,"template":"","format":"standard","meta":{"footnotes":""},"categories":[2],"tags":[],"class_list":["post-9115","post","type-post","status-publish","format-standard","has-post-thumbnail","hentry","category-macae"],"_links":{"self":[{"href":"https:\/\/blogdodanielgalvao.com.br\/site\/wp-json\/wp\/v2\/posts\/9115","targetHints":{"allow":["GET"]}}],"collection":[{"href":"https:\/\/blogdodanielgalvao.com.br\/site\/wp-json\/wp\/v2\/posts"}],"about":[{"href":"https:\/\/blogdodanielgalvao.com.br\/site\/wp-json\/wp\/v2\/types\/post"}],"author":[{"embeddable":true,"href":"https:\/\/blogdodanielgalvao.com.br\/site\/wp-json\/wp\/v2\/users\/2"}],"replies":[{"embeddable":true,"href":"https:\/\/blogdodanielgalvao.com.br\/site\/wp-json\/wp\/v2\/comments?post=9115"}],"version-history":[{"count":1,"href":"https:\/\/blogdodanielgalvao.com.br\/site\/wp-json\/wp\/v2\/posts\/9115\/revisions"}],"predecessor-version":[{"id":9117,"href":"https:\/\/blogdodanielgalvao.com.br\/site\/wp-json\/wp\/v2\/posts\/9115\/revisions\/9117"}],"wp:featuredmedia":[{"embeddable":true,"href":"https:\/\/blogdodanielgalvao.com.br\/site\/wp-json\/wp\/v2\/media\/9116"}],"wp:attachment":[{"href":"https:\/\/blogdodanielgalvao.com.br\/site\/wp-json\/wp\/v2\/media?parent=9115"}],"wp:term":[{"taxonomy":"category","embeddable":true,"href":"https:\/\/blogdodanielgalvao.com.br\/site\/wp-json\/wp\/v2\/categories?post=9115"},{"taxonomy":"post_tag","embeddable":true,"href":"https:\/\/blogdodanielgalvao.com.br\/site\/wp-json\/wp\/v2\/tags?post=9115"}],"curies":[{"name":"wp","href":"https:\/\/api.w.org\/{rel}","templated":true}]}}