{"id":9097,"date":"2023-08-26T12:24:39","date_gmt":"2023-08-26T15:24:39","guid":{"rendered":"http:\/\/blogdodanielgalvao.com.br\/site\/?p=9097"},"modified":"2023-08-26T12:31:30","modified_gmt":"2023-08-26T15:31:30","slug":"macae-em-reuniao-de-diretorio-do-pt-ex-vereador-diz-que-governo-welberth-tem-caracteristicas-da-direita","status":"publish","type":"post","link":"https:\/\/blogdodanielgalvao.com.br\/site\/macae-em-reuniao-de-diretorio-do-pt-ex-vereador-diz-que-governo-welberth-tem-caracteristicas-da-direita\/","title":{"rendered":"Maca\u00e9: em reuni\u00e3o de diret\u00f3rio do PT, ex-vereador diz que Governo Welberth tem caracter\u00edsticas da direita"},"content":{"rendered":"\n<p>Esta semana, em meio \u00e0 discuss\u00e3o e vota\u00e7\u00e3o interna sobre a entrada do PT no Governo, o ex-vereador Marcel Silvano, que votou contra a ades\u00e3o do partido \u00e0 gest\u00e3o municipal, elencou caracter\u00edsticas de direita ao prefeito e ex-colega de C\u00e2mara, Welberth (veja o video abaixo).&nbsp;<br><\/p>\n\n\n\n<figure class=\"wp-block-image size-full\"><img decoding=\"async\" src=\"https:\/\/blogdodanielgalvao.com.br\/site\/wp-content\/uploads\/2023\/08\/14c2d9de-2e0e-4eda-a12e-db35cf26384d-3.mp4\" alt=\"\" class=\"wp-image-9104\"\/><\/figure>\n\n\n\n<p>Para Marcel, pautas que s\u00e3o defendidas pelo conservadorismo (centro-direita) est\u00e3o presentes \u00e0 atua\u00e7\u00e3o pol\u00edtica do chefe do Executivo &#8211; distanciando de bandeiras petistas hist\u00f3ricas.&nbsp;<\/p>\n\n\n\n<p>No fim das contas, o desgaste interno entre lideran\u00e7as da sigla sobre o perfil de direita do Governo pode acabar virando um entrave para a concretiza\u00e7\u00e3o do embarque petista na administra\u00e7\u00e3o. A conferir!<\/p>\n\n\n\n<figure class=\"wp-block-gallery has-nested-images columns-default is-cropped wp-block-gallery-1 is-layout-flex wp-block-gallery-is-layout-flex\">\n<figure class=\"wp-block-image size-large\"><img loading=\"lazy\" decoding=\"async\" width=\"966\" height=\"1024\" data-id=\"9106\" src=\"https:\/\/blogdodanielgalvao.com.br\/site\/wp-content\/uploads\/2023\/08\/IMG_7397-966x1024.jpeg\" alt=\"\" class=\"wp-image-9106\" srcset=\"https:\/\/blogdodanielgalvao.com.br\/site\/wp-content\/uploads\/2023\/08\/IMG_7397-966x1024.jpeg 966w, https:\/\/blogdodanielgalvao.com.br\/site\/wp-content\/uploads\/2023\/08\/IMG_7397-283x300.jpeg 283w, https:\/\/blogdodanielgalvao.com.br\/site\/wp-content\/uploads\/2023\/08\/IMG_7397-768x814.jpeg 768w, https:\/\/blogdodanielgalvao.com.br\/site\/wp-content\/uploads\/2023\/08\/IMG_7397-47x50.jpeg 47w, https:\/\/blogdodanielgalvao.com.br\/site\/wp-content\/uploads\/2023\/08\/IMG_7397-710x753.jpeg 710w, https:\/\/blogdodanielgalvao.com.br\/site\/wp-content\/uploads\/2023\/08\/IMG_7397.jpeg 1145w\" sizes=\"auto, (max-width: 966px) 100vw, 966px\" \/><\/figure>\n<\/figure>\n","protected":false},"excerpt":{"rendered":"<p>Esta semana, em meio \u00e0 discuss\u00e3o e vota\u00e7\u00e3o interna sobre a entrada do PT no Governo, o ex-vereador Marcel Silvano, que votou contra a ades\u00e3o do partido \u00e0 gest\u00e3o municipal, elencou caracter\u00edsticas de direita ao prefeito e ex-colega de C\u00e2mara, Welberth (veja o video abaixo).&nbsp; Para Marcel, pautas que s\u00e3o defendidas pelo conservadorismo (centro-direita) est\u00e3o [&hellip;]<\/p>\n","protected":false},"author":2,"featured_media":0,"comment_status":"open","ping_status":"open","sticky":false,"template":"","format":"standard","meta":{"footnotes":""},"categories":[1],"tags":[],"class_list":["post-9097","post","type-post","status-publish","format-standard","hentry","category-sem-categoria"],"_links":{"self":[{"href":"https:\/\/blogdodanielgalvao.com.br\/site\/wp-json\/wp\/v2\/posts\/9097","targetHints":{"allow":["GET"]}}],"collection":[{"href":"https:\/\/blogdodanielgalvao.com.br\/site\/wp-json\/wp\/v2\/posts"}],"about":[{"href":"https:\/\/blogdodanielgalvao.com.br\/site\/wp-json\/wp\/v2\/types\/post"}],"author":[{"embeddable":true,"href":"https:\/\/blogdodanielgalvao.com.br\/site\/wp-json\/wp\/v2\/users\/2"}],"replies":[{"embeddable":true,"href":"https:\/\/blogdodanielgalvao.com.br\/site\/wp-json\/wp\/v2\/comments?post=9097"}],"version-history":[{"count":3,"href":"https:\/\/blogdodanielgalvao.com.br\/site\/wp-json\/wp\/v2\/posts\/9097\/revisions"}],"predecessor-version":[{"id":9107,"href":"https:\/\/blogdodanielgalvao.com.br\/site\/wp-json\/wp\/v2\/posts\/9097\/revisions\/9107"}],"wp:attachment":[{"href":"https:\/\/blogdodanielgalvao.com.br\/site\/wp-json\/wp\/v2\/media?parent=9097"}],"wp:term":[{"taxonomy":"category","embeddable":true,"href":"https:\/\/blogdodanielgalvao.com.br\/site\/wp-json\/wp\/v2\/categories?post=9097"},{"taxonomy":"post_tag","embeddable":true,"href":"https:\/\/blogdodanielgalvao.com.br\/site\/wp-json\/wp\/v2\/tags?post=9097"}],"curies":[{"name":"wp","href":"https:\/\/api.w.org\/{rel}","templated":true}]}}