{"id":9090,"date":"2023-08-25T09:18:34","date_gmt":"2023-08-25T12:18:34","guid":{"rendered":"http:\/\/blogdodanielgalvao.com.br\/site\/?p=9090"},"modified":"2023-08-25T09:18:36","modified_gmt":"2023-08-25T12:18:36","slug":"projeto-propoe-aumento-do-limite-de-isencao-do-imposto-de-importacao","status":"publish","type":"post","link":"https:\/\/blogdodanielgalvao.com.br\/site\/projeto-propoe-aumento-do-limite-de-isencao-do-imposto-de-importacao\/","title":{"rendered":"Projeto prop\u00f5e aumento do limite de isen\u00e7\u00e3o do Imposto de Importa\u00e7\u00e3o"},"content":{"rendered":"\n<p>O projeto de lei 3.498\/23 em debate na C\u00e2mara Federal prop\u00f5e o aumento do limite de isen\u00e7\u00e3o das compras internacionais de 50 para 100 d\u00f3lares e tamb\u00e9m prev\u00ea a redu\u00e7\u00e3o de 60% para 20% da al\u00edquota de importa\u00e7\u00e3o sobre essas compras. No caso das remessas internacionais, a proposta \u00e9 que seja aplicado regime tribut\u00e1rio simplificado, com al\u00edquota de 20% para as mercadorias de at\u00e9 5 mil d\u00f3lares. O projeto tramita em conjunto com o projeto de lei 1.623\/23 e ser\u00e1 analisado em car\u00e1ter conclusivo pelas comiss\u00f5es de Finan\u00e7as e Tributa\u00e7\u00e3o; e de Constitui\u00e7\u00e3o e Justi\u00e7a e de Cidadania da C\u00e2mara dos Deputados.<\/p>\n\n\n\n<p>O autor da proposta \u00e9 o deputado federal Luiz Philippe de Orleans e Bragan\u00e7a (PL-SP). Ele afirma que o limite atual, de 50 d\u00f3lares, est\u00e1 defasado. \u201cEsse m\u00ednimo \u00e9 um dos mais baixos e defasados do mundo. Esse valor foi estipulado por decreto em 1980 e, trazendo a valor corrigido, seria algo em torno de 185 d\u00f3lares neste ano\u201d, disse.<\/p>\n\n\n\n<p>O parlamentar defende que a redu\u00e7\u00e3o da al\u00edquota de importa\u00e7\u00e3o vai alavancar a atividade econ\u00f4mica dos Correios e das empresas de remessa expressa do Brasil. A perda de arrecada\u00e7\u00e3o, segundo ele, poderia ser compensada com emendas \u00e0 Lei Or\u00e7ament\u00e1ria Anual e reestimativa de Receita na Lei de Diretrizes Or\u00e7ament\u00e1rias.<\/p>\n\n\n\n<p><em> Ag\u00eancia C\u00e2mara de Not\u00edcias<\/em><\/p>\n","protected":false},"excerpt":{"rendered":"<p>O projeto de lei 3.498\/23 em debate na C\u00e2mara Federal prop\u00f5e o aumento do limite de isen\u00e7\u00e3o das compras internacionais de 50 para 100 d\u00f3lares e tamb\u00e9m prev\u00ea a redu\u00e7\u00e3o de 60% para 20% da al\u00edquota de importa\u00e7\u00e3o sobre essas compras. No caso das remessas internacionais, a proposta \u00e9 que seja aplicado regime tribut\u00e1rio simplificado, [&hellip;]<\/p>\n","protected":false},"author":2,"featured_media":9091,"comment_status":"open","ping_status":"open","sticky":true,"template":"","format":"standard","meta":{"footnotes":""},"categories":[1472],"tags":[],"class_list":["post-9090","post","type-post","status-publish","format-standard","has-post-thumbnail","hentry","category-economia"],"_links":{"self":[{"href":"https:\/\/blogdodanielgalvao.com.br\/site\/wp-json\/wp\/v2\/posts\/9090","targetHints":{"allow":["GET"]}}],"collection":[{"href":"https:\/\/blogdodanielgalvao.com.br\/site\/wp-json\/wp\/v2\/posts"}],"about":[{"href":"https:\/\/blogdodanielgalvao.com.br\/site\/wp-json\/wp\/v2\/types\/post"}],"author":[{"embeddable":true,"href":"https:\/\/blogdodanielgalvao.com.br\/site\/wp-json\/wp\/v2\/users\/2"}],"replies":[{"embeddable":true,"href":"https:\/\/blogdodanielgalvao.com.br\/site\/wp-json\/wp\/v2\/comments?post=9090"}],"version-history":[{"count":1,"href":"https:\/\/blogdodanielgalvao.com.br\/site\/wp-json\/wp\/v2\/posts\/9090\/revisions"}],"predecessor-version":[{"id":9092,"href":"https:\/\/blogdodanielgalvao.com.br\/site\/wp-json\/wp\/v2\/posts\/9090\/revisions\/9092"}],"wp:featuredmedia":[{"embeddable":true,"href":"https:\/\/blogdodanielgalvao.com.br\/site\/wp-json\/wp\/v2\/media\/9091"}],"wp:attachment":[{"href":"https:\/\/blogdodanielgalvao.com.br\/site\/wp-json\/wp\/v2\/media?parent=9090"}],"wp:term":[{"taxonomy":"category","embeddable":true,"href":"https:\/\/blogdodanielgalvao.com.br\/site\/wp-json\/wp\/v2\/categories?post=9090"},{"taxonomy":"post_tag","embeddable":true,"href":"https:\/\/blogdodanielgalvao.com.br\/site\/wp-json\/wp\/v2\/tags?post=9090"}],"curies":[{"name":"wp","href":"https:\/\/api.w.org\/{rel}","templated":true}]}}