{"id":9086,"date":"2023-08-23T08:16:27","date_gmt":"2023-08-23T11:16:27","guid":{"rendered":"http:\/\/blogdodanielgalvao.com.br\/site\/?p=9086"},"modified":"2023-08-23T08:16:30","modified_gmt":"2023-08-23T11:16:30","slug":"aneel-aprova-consulta-publica-para-reduzir-bandeira-tarifaria","status":"publish","type":"post","link":"https:\/\/blogdodanielgalvao.com.br\/site\/aneel-aprova-consulta-publica-para-reduzir-bandeira-tarifaria\/","title":{"rendered":"Aneel aprova consulta p\u00fablica para reduzir bandeira tarif\u00e1ria"},"content":{"rendered":"\n<p>O equil\u00edbrio na oferta de eletricidade permitiu \u00e0 Ag\u00eancia Nacional de Energia El\u00e9trica (Aneel) discutir a redu\u00e7\u00e3o em at\u00e9 36,9% o valor da bandeira tarif\u00e1ria, cobran\u00e7a de tarifas extras em cen\u00e1rio de escassez. A ag\u00eancia reguladora aprovou nesta ter\u00e7a-feira (22) a abertura de uma consulta p\u00fablica sobre o tema. <\/p>\n\n\n\n<p>Pela proposta, a bandeira amarela cairia de R$ 2,989 por 100 quilowatts-hora para R$ 1,885, recuo de 36,9%. Na bandeira vermelha, o valor cairia de R$ 6,50 para R$ 4,464 no patamar 1 (redu\u00e7\u00e3o de 31,3%) e de R$ 9,795 para R$ 7,877 no patamar 2 (redu\u00e7\u00e3o de 19,6%). Os interessados podem enviar as contribui\u00e7\u00f5es de quarta-feira (23) at\u00e9 6 outubro, para o e-mail cp026_2023@aneel.gov.br .<\/p>\n\n\n\n<p>A redu\u00e7\u00e3o foi poss\u00edvel por tr\u00eas motivos. Primeiro, os reservat\u00f3rios das hidrel\u00e9tricas est\u00e3o em n\u00edveis confort\u00e1veis, al\u00e9m do que a oferta de energia renov\u00e1vel no pa\u00eds est\u00e1 em expans\u00e3o, com a produ\u00e7\u00e3o de energia e\u00f3lica e solar em alta e o pre\u00e7o internacional dos combust\u00edveis f\u00f3sseis (carv\u00e3o e g\u00e1s natural) usado para abastecer as termel\u00e9tricas caiu em rela\u00e7\u00e3o ao ano passado.<\/p>\n\n\n\n<p>Nesse momento, a proposta n\u00e3o ter\u00e1 impacto na conta de luz porque, desde abril do ano passado, a bandeira tarif\u00e1ria est\u00e1 no n\u00edvel verde, em que n\u00e3o h\u00e1 tarifas adicionais, e deve permanecer assim at\u00e9 pelo menos o fim do ano. No entanto, a Aneel informou, em nota, que as bandeiras tarif\u00e1rias mais baixas dever\u00e3o acarretar menor reajuste nas contas el\u00e9tricas nas pr\u00f3ximas revis\u00f5es de tarifas por causa da queda dos valores vinculados \u00e0 opera\u00e7\u00e3o do Sistema Interligado Nacional.<\/p>\n\n\n\n<p><strong>Bandeiras<\/strong><\/p>\n\n\n\n<p>Criadas em 2015 pela Aneel, as&nbsp;bandeiras tarif\u00e1rias&nbsp;refletem os custos vari\u00e1veis da gera\u00e7\u00e3o de energia el\u00e9trica. Divididas em n\u00edveis, as bandeiras indicam quanto est\u00e1 custando para o SIN gerar a energia usada nas casas, em estabelecimentos comerciais e nas ind\u00fastrias.<\/p>\n\n\n\n<p>Quando a conta de luz \u00e9 calculada pela bandeira verde, n\u00e3o h\u00e1 nenhum acr\u00e9scimo. Quando s\u00e3o aplicadas as bandeiras vermelha ou amarela, a conta sofre acr\u00e9scimos, que variam de R$ 2,989 (bandeira amarela) a R$ 9,795 (bandeira vermelha patamar 2) a cada 100 quilowatts-hora (kWh) consumidos. Quando a bandeira de escassez h\u00eddrica vigorou, de setembro de 2021 a 15 de abril de 2022, o consumidor pagava R$ 14,20 extras a cada 100 kWh.<\/p>\n\n\n\n<p>O Sistema Interligado Nacional \u00e9 dividido em quatro subsistemas: Sudeste\/Centro-Oeste, Sul, Nordeste e Norte. Praticamente todo o pa\u00eds \u00e9 coberto pelo SIN. A exce\u00e7\u00e3o s\u00e3o algumas partes de estados da Regi\u00e3o Norte e de Mato Grosso, al\u00e9m de todo o estado de Roraima.<\/p>\n\n\n\n<p>&nbsp;22\/08\/2023, 17h13, Foto: Divulga\u00e7\u00e3o .<\/p>\n\n\n<div class=\"wp-block-image\">\n<figure class=\"aligncenter\"><img decoding=\"async\" src=\"https:\/\/www.campos24horas.com.br\/portal\/wp-content\/uploads\/2021\/12\/energia-eletrica-conta-de-luz-640x426.jpg\" alt=\"\" class=\"wp-image-453502\"\/><\/figure>\n<\/div>\n\n\n<p>O equil\u00edbrio na oferta de eletricidade permitiu \u00e0 Ag\u00eancia Nacional de Energia El\u00e9trica (Aneel) discutir a redu\u00e7\u00e3o em at\u00e9 36,9% o valor da bandeira tarif\u00e1ria, cobran\u00e7a de tarifas extras em cen\u00e1rio de escassez. A ag\u00eancia reguladora aprovou nesta ter\u00e7a-feira (22) a abertura de uma consulta p\u00fablica sobre o tema. (leia mais abaixo)<\/p>\n\n\n\n<p>Pela proposta, a bandeira amarela cairia de R$ 2,989 por 100 quilowatts-hora para R$ 1,885, recuo de 36,9%. Na bandeira vermelha, o valor cairia de R$ 6,50 para R$ 4,464 no patamar 1 (redu\u00e7\u00e3o de 31,3%) e de R$ 9,795 para R$ 7,877 no patamar 2 (redu\u00e7\u00e3o de 19,6%). Os interessados podem enviar as contribui\u00e7\u00f5es de quarta-feira (23) at\u00e9 6 outubro, para o e-mail cp026_2023@aneel.gov.br .(leia mais abaixo)<\/p>\n\n\n\n<p>A redu\u00e7\u00e3o foi poss\u00edvel por tr\u00eas motivos. Primeiro, os reservat\u00f3rios das hidrel\u00e9tricas est\u00e3o em n\u00edveis confort\u00e1veis, al\u00e9m do que a oferta de energia renov\u00e1vel no pa\u00eds est\u00e1 em expans\u00e3o, com a produ\u00e7\u00e3o de energia e\u00f3lica e solar em alta e o pre\u00e7o internacional dos combust\u00edveis f\u00f3sseis (carv\u00e3o e g\u00e1s natural) usado para abastecer as termel\u00e9tricas caiu em rela\u00e7\u00e3o ao ano passado.(leia mais abaixo)<\/p>\n\n\n\n<figure class=\"wp-block-embed\"><div class=\"wp-block-embed__wrapper\">\nhttps:\/\/2c962a2fca97aed528ca6b7f2d6b053a.safeframe.googlesyndication.com\/safeframe\/1-0-40\/html\/container.html\n<\/div><\/figure>\n\n\n\n<p>Nesse momento, a proposta n\u00e3o ter\u00e1 impacto na conta de luz porque, desde abril do ano passado, a bandeira tarif\u00e1ria est\u00e1 no n\u00edvel verde, em que n\u00e3o h\u00e1 tarifas adicionais, e deve permanecer assim at\u00e9 pelo menos o fim do ano. No entanto, a Aneel informou, em nota, que as bandeiras tarif\u00e1rias mais baixas dever\u00e3o acarretar menor reajuste nas contas el\u00e9tricas nas pr\u00f3ximas revis\u00f5es de tarifas por causa da queda dos valores vinculados \u00e0 opera\u00e7\u00e3o do Sistema Interligado Nacional.(leia mais abaixo)<\/p>\n\n\n\n<p><strong>Bandeiras<\/strong><br><br>Criadas em 2015 pela Aneel, as&nbsp;bandeiras tarif\u00e1rias&nbsp;refletem os custos vari\u00e1veis da gera\u00e7\u00e3o de energia el\u00e9trica. Divididas em n\u00edveis, as bandeiras indicam quanto est\u00e1 custando para o SIN gerar a energia usada nas casas, em estabelecimentos comerciais e nas ind\u00fastrias.(leia mais abaixo)<\/p>\n\n\n\n<figure class=\"wp-block-embed\"><div class=\"wp-block-embed__wrapper\">\nhttps:\/\/2c962a2fca97aed528ca6b7f2d6b053a.safeframe.googlesyndication.com\/safeframe\/1-0-40\/html\/container.html\n<\/div><\/figure>\n\n\n\n<p>Quando a conta de luz \u00e9 calculada pela bandeira verde, n\u00e3o h\u00e1 nenhum acr\u00e9scimo. Quando s\u00e3o aplicadas as bandeiras vermelha ou amarela, a conta sofre acr\u00e9scimos, que variam de R$ 2,989 (bandeira amarela) a R$ 9,795 (bandeira vermelha patamar 2) a cada 100 quilowatts-hora (kWh) consumidos. Quando a bandeira de escassez h\u00eddrica vigorou, de setembro de 2021 a 15 de abril de 2022, o consumidor pagava R$ 14,20 extras a cada 100 kWh.(leia mais abaixo)<\/p>\n\n\n\n<p>O Sistema Interligado Nacional \u00e9 dividido em quatro subsistemas: Sudeste\/Centro-Oeste, Sul, Nordeste e Norte. Praticamente todo o pa\u00eds \u00e9 coberto pelo SIN. A exce\u00e7\u00e3o s\u00e3o algumas partes de estados da Regi\u00e3o Norte e de Mato Grosso, al\u00e9m de todo o estado de Roraima.(leia mais abaixo)<\/p>\n\n\n\n<p>Atualmente, h\u00e1 212 localidades isoladas do SIN, nas quais o consumo \u00e9 baixo e representa menos de 1% da carga total do pa\u00eds. A demanda por energia nessas regi\u00f5es \u00e9 suprida, principalmente, por t\u00e9rmicas a \u00f3leo diesel.<\/p>\n\n\n\n<p><\/p>\n","protected":false},"excerpt":{"rendered":"<p>O equil\u00edbrio na oferta de eletricidade permitiu \u00e0 Ag\u00eancia Nacional de Energia El\u00e9trica (Aneel) discutir a redu\u00e7\u00e3o em at\u00e9 36,9% o valor da bandeira tarif\u00e1ria, cobran\u00e7a de tarifas extras em cen\u00e1rio de escassez. A ag\u00eancia reguladora aprovou nesta ter\u00e7a-feira (22) a abertura de uma consulta p\u00fablica sobre o tema. Pela proposta, a bandeira amarela cairia [&hellip;]<\/p>\n","protected":false},"author":2,"featured_media":9087,"comment_status":"open","ping_status":"open","sticky":true,"template":"","format":"standard","meta":{"footnotes":""},"categories":[1472],"tags":[],"class_list":["post-9086","post","type-post","status-publish","format-standard","has-post-thumbnail","hentry","category-economia"],"_links":{"self":[{"href":"https:\/\/blogdodanielgalvao.com.br\/site\/wp-json\/wp\/v2\/posts\/9086","targetHints":{"allow":["GET"]}}],"collection":[{"href":"https:\/\/blogdodanielgalvao.com.br\/site\/wp-json\/wp\/v2\/posts"}],"about":[{"href":"https:\/\/blogdodanielgalvao.com.br\/site\/wp-json\/wp\/v2\/types\/post"}],"author":[{"embeddable":true,"href":"https:\/\/blogdodanielgalvao.com.br\/site\/wp-json\/wp\/v2\/users\/2"}],"replies":[{"embeddable":true,"href":"https:\/\/blogdodanielgalvao.com.br\/site\/wp-json\/wp\/v2\/comments?post=9086"}],"version-history":[{"count":1,"href":"https:\/\/blogdodanielgalvao.com.br\/site\/wp-json\/wp\/v2\/posts\/9086\/revisions"}],"predecessor-version":[{"id":9089,"href":"https:\/\/blogdodanielgalvao.com.br\/site\/wp-json\/wp\/v2\/posts\/9086\/revisions\/9089"}],"wp:featuredmedia":[{"embeddable":true,"href":"https:\/\/blogdodanielgalvao.com.br\/site\/wp-json\/wp\/v2\/media\/9087"}],"wp:attachment":[{"href":"https:\/\/blogdodanielgalvao.com.br\/site\/wp-json\/wp\/v2\/media?parent=9086"}],"wp:term":[{"taxonomy":"category","embeddable":true,"href":"https:\/\/blogdodanielgalvao.com.br\/site\/wp-json\/wp\/v2\/categories?post=9086"},{"taxonomy":"post_tag","embeddable":true,"href":"https:\/\/blogdodanielgalvao.com.br\/site\/wp-json\/wp\/v2\/tags?post=9086"}],"curies":[{"name":"wp","href":"https:\/\/api.w.org\/{rel}","templated":true}]}}