{"id":9083,"date":"2023-08-23T08:08:24","date_gmt":"2023-08-23T11:08:24","guid":{"rendered":"http:\/\/blogdodanielgalvao.com.br\/site\/?p=9083"},"modified":"2023-08-23T08:08:27","modified_gmt":"2023-08-23T11:08:27","slug":"castro-apoia-reforma-tributaria-com-tributacao-justa-e-que-ajude-o-brasil-a-crescer-e-se-desenvolver","status":"publish","type":"post","link":"https:\/\/blogdodanielgalvao.com.br\/site\/castro-apoia-reforma-tributaria-com-tributacao-justa-e-que-ajude-o-brasil-a-crescer-e-se-desenvolver\/","title":{"rendered":"Castro apoia reforma tribut\u00e1ria com tributa\u00e7\u00e3o justa e que ajude o Brasil a crescer e se desenvolver"},"content":{"rendered":"\n<p>O governador Cl\u00e1udio Castro participou, na manh\u00e3 desta segunda-feira (21\/08), do semin\u00e1rio Reflex\u00f5es sobre a Reforma Tribut\u00e1ria, promovido pela Funda\u00e7\u00e3o Getulio Vargas (FGV), no Rio de Janeiro. Juristas e especialistas na \u00e1rea tribut\u00e1ria dos setores p\u00fablico e privado debateram a proposta em aprecia\u00e7\u00e3o no Senado Federal, que inclui a redu\u00e7\u00e3o do n\u00famero de impostos federais, estaduais e municipais de cinco para tr\u00eas e a cria\u00e7\u00e3o de um Conselho Federativo para gerir o Imposto sobre Bens e Servi\u00e7os (IBS).<\/p>\n\n\n\n<p>\u2013 Vivemos inquietudes em rela\u00e7\u00e3o \u00e0 reforma. O Conselho preocupa todos os governadores. O Fundo de Desenvolvimento Regional tamb\u00e9m \u00e9 outra grande preocupa\u00e7\u00e3o, assim como o excesso de prazo de transi\u00e7\u00e3o, que \u00e9 de 50 anos. O que nos faz apoiar a reforma \u00e9 que o modelo atual n\u00e3o est\u00e1 levando o Brasil para frente, tanto na quest\u00e3o tribut\u00e1ria quanto na quest\u00e3o do pacto federativo \u2013 afirmou o governador.<\/p>\n\n\n\n<p>Cl\u00e1udio Castro ressaltou que o atual sistema tribut\u00e1rio n\u00e3o permite o crescimento dos estados, e defendeu uma reflex\u00e3o mais profunda sobre o pacto federativo e a lei tribut\u00e1ria.<\/p>\n\n\n\n<p>\u2013 O sistema tribut\u00e1rio de hoje est\u00e1 arrancando demais de quem produz, sem gerar emancipa\u00e7\u00e3o daqueles estados que hoje sobrevivem atrav\u00e9s de transfer\u00eancias da Uni\u00e3o. Quando se percebe que tr\u00eas estados dos quatro maiores geradores de arrecada\u00e7\u00e3o para o Governo Federal est\u00e3o em Regime de Recupera\u00e7\u00e3o Fiscal, temos que refletir profundamente sobre o pacto federativo que, quando combinado com a lei tribut\u00e1ria, vai gerar desenvolvimento do pa\u00eds \u2013 comentou.<\/p>\n\n\n\n<p><br>O semin\u00e1rio reuniu, na sess\u00e3o de abertura, o senador Rodrigo Pacheco, presidente do Senado e do Congresso Nacional, o deputado Aguinaldo Ribeiro, relator da reforma tribut\u00e1ria na C\u00e2mara dos Deputados, o governador de Goi\u00e1s, Ronaldo Caiado, os ministros do Superior Tribunal de Justi\u00e7a Benedito Gon\u00e7alves, Luis Felipe Salom\u00e3o, Marco Aur\u00e9lio Bellizze, Antonio Saldanha Palheiro e Messod Azulay Neto, al\u00e9m da procuradora-geral da Fazenda Nacional, Anelize Lenzi Ruas de Almeida, e o presidente da FGV, Carlos Ivan Simonsen Leal.<\/p>\n\n\n\n<p>O senador Rodrigo Pacheco disse, em sua apresenta\u00e7\u00e3o, que os estados, o Distrito Federal e os munic\u00edpios ser\u00e3o ouvidos com prioridade.<\/p>\n\n\n\n<p>\u2013 N\u00e3o haver\u00e1 nenhum tipo de preju\u00edzo aos entes federados na discuss\u00e3o da reforma tribut\u00e1ria \u2013 garantiu Pacheco, acrescentando que, no pr\u00f3ximo dia 29, dever\u00e3o estar no plen\u00e1rio do Senado Federal todos os governadores dos estados e do Distrito Federal para que possam se pronunciar em rela\u00e7\u00e3o \u00e0 mat\u00e9ria.<\/p>\n","protected":false},"excerpt":{"rendered":"<p>O governador Cl\u00e1udio Castro participou, na manh\u00e3 desta segunda-feira (21\/08), do semin\u00e1rio Reflex\u00f5es sobre a Reforma Tribut\u00e1ria, promovido pela Funda\u00e7\u00e3o Getulio Vargas (FGV), no Rio de Janeiro. Juristas e especialistas na \u00e1rea tribut\u00e1ria dos setores p\u00fablico e privado debateram a proposta em aprecia\u00e7\u00e3o no Senado Federal, que inclui a redu\u00e7\u00e3o do n\u00famero de impostos federais, [&hellip;]<\/p>\n","protected":false},"author":2,"featured_media":9084,"comment_status":"open","ping_status":"open","sticky":true,"template":"","format":"standard","meta":{"footnotes":""},"categories":[304],"tags":[],"class_list":["post-9083","post","type-post","status-publish","format-standard","has-post-thumbnail","hentry","category-rio-de-janeiro"],"_links":{"self":[{"href":"https:\/\/blogdodanielgalvao.com.br\/site\/wp-json\/wp\/v2\/posts\/9083","targetHints":{"allow":["GET"]}}],"collection":[{"href":"https:\/\/blogdodanielgalvao.com.br\/site\/wp-json\/wp\/v2\/posts"}],"about":[{"href":"https:\/\/blogdodanielgalvao.com.br\/site\/wp-json\/wp\/v2\/types\/post"}],"author":[{"embeddable":true,"href":"https:\/\/blogdodanielgalvao.com.br\/site\/wp-json\/wp\/v2\/users\/2"}],"replies":[{"embeddable":true,"href":"https:\/\/blogdodanielgalvao.com.br\/site\/wp-json\/wp\/v2\/comments?post=9083"}],"version-history":[{"count":1,"href":"https:\/\/blogdodanielgalvao.com.br\/site\/wp-json\/wp\/v2\/posts\/9083\/revisions"}],"predecessor-version":[{"id":9085,"href":"https:\/\/blogdodanielgalvao.com.br\/site\/wp-json\/wp\/v2\/posts\/9083\/revisions\/9085"}],"wp:featuredmedia":[{"embeddable":true,"href":"https:\/\/blogdodanielgalvao.com.br\/site\/wp-json\/wp\/v2\/media\/9084"}],"wp:attachment":[{"href":"https:\/\/blogdodanielgalvao.com.br\/site\/wp-json\/wp\/v2\/media?parent=9083"}],"wp:term":[{"taxonomy":"category","embeddable":true,"href":"https:\/\/blogdodanielgalvao.com.br\/site\/wp-json\/wp\/v2\/categories?post=9083"},{"taxonomy":"post_tag","embeddable":true,"href":"https:\/\/blogdodanielgalvao.com.br\/site\/wp-json\/wp\/v2\/tags?post=9083"}],"curies":[{"name":"wp","href":"https:\/\/api.w.org\/{rel}","templated":true}]}}