{"id":9055,"date":"2023-08-17T16:29:40","date_gmt":"2023-08-17T19:29:40","guid":{"rendered":"http:\/\/blogdodanielgalvao.com.br\/site\/?p=9055"},"modified":"2023-08-17T16:29:46","modified_gmt":"2023-08-17T19:29:46","slug":"quissama-fatima-anuncia-nome-de-marcelo-batista-como-seu-pre-candidato-a-sucessao","status":"publish","type":"post","link":"https:\/\/blogdodanielgalvao.com.br\/site\/quissama-fatima-anuncia-nome-de-marcelo-batista-como-seu-pre-candidato-a-sucessao\/","title":{"rendered":"Quissam\u00e3: Fatima anuncia nome de Marcelo Batista como seu pr\u00e9-candidato \u00e0 sucess\u00e3o"},"content":{"rendered":"\n<p>Faltando pouco mais de 1 ano para as elei\u00e7\u00f5es municipais, o tabuleiro pol\u00edtico regional segue movimentado nos bastidores. Esta semana, a prefeita de Quissam\u00e3, Fatima Pacheco (Uni\u00e3o Brasil), confirmou o que se imaginava. Ela anunciou o nome do vice, Marcelo Batista, como seu pr\u00e9-candidato \u00e0 sucess\u00e3o.&nbsp;<\/p>\n\n\n\n<p>F\u00e1tima, que est\u00e1 em seu segundo mandato e conseguiu destacar Quissam\u00e3 no cen\u00e1rio pol\u00edtico do Estado, com parcerias alinhadas com o governador, Claudio Castro (PL), e tamb\u00e9m gra\u00e7as ao seu bom tr\u00e2nsito em Bras\u00edlia, enfatiza a postura de di\u00e1logo, inquieta\u00e7\u00f5es e trabalho de Marcelo.&nbsp;<\/p>\n\n\n\n<p>\u201cA popula\u00e7\u00e3o espera uma continuidade do trabalho que temos desenvolvido nos \u00faltimos anos na cidade e, apesar de termos excelentes nomes no Governo, na C\u00e2mara e em nosso grupo pol\u00edtico, desde o in\u00edcio o Marcelo (Batista) tem sido um companheiro essencial nas nossas a\u00e7\u00f5es\u201d, resumiu a prefeita em um podcast esta semana.&nbsp;<\/p>\n\n\n\n<p>Agora, com o nome definido de quem a chefe do Executivo apoiar\u00e1 como cabe\u00e7a-de-chapa, as aten\u00e7\u00f5es se voltam a quem ser\u00e1 apontado como pr\u00e9-candidato a vice-prefeito. A conferir!<\/p>\n","protected":false},"excerpt":{"rendered":"<p>Faltando pouco mais de 1 ano para as elei\u00e7\u00f5es municipais, o tabuleiro pol\u00edtico regional segue movimentado nos bastidores. Esta semana, a prefeita de Quissam\u00e3, Fatima Pacheco (Uni\u00e3o Brasil), confirmou o que se imaginava. Ela anunciou o nome do vice, Marcelo Batista, como seu pr\u00e9-candidato \u00e0 sucess\u00e3o.&nbsp; F\u00e1tima, que est\u00e1 em seu segundo mandato e conseguiu [&hellip;]<\/p>\n","protected":false},"author":2,"featured_media":9056,"comment_status":"open","ping_status":"open","sticky":true,"template":"","format":"standard","meta":{"footnotes":""},"categories":[5],"tags":[],"class_list":["post-9055","post","type-post","status-publish","format-standard","has-post-thumbnail","hentry","category-quissama"],"_links":{"self":[{"href":"https:\/\/blogdodanielgalvao.com.br\/site\/wp-json\/wp\/v2\/posts\/9055","targetHints":{"allow":["GET"]}}],"collection":[{"href":"https:\/\/blogdodanielgalvao.com.br\/site\/wp-json\/wp\/v2\/posts"}],"about":[{"href":"https:\/\/blogdodanielgalvao.com.br\/site\/wp-json\/wp\/v2\/types\/post"}],"author":[{"embeddable":true,"href":"https:\/\/blogdodanielgalvao.com.br\/site\/wp-json\/wp\/v2\/users\/2"}],"replies":[{"embeddable":true,"href":"https:\/\/blogdodanielgalvao.com.br\/site\/wp-json\/wp\/v2\/comments?post=9055"}],"version-history":[{"count":1,"href":"https:\/\/blogdodanielgalvao.com.br\/site\/wp-json\/wp\/v2\/posts\/9055\/revisions"}],"predecessor-version":[{"id":9057,"href":"https:\/\/blogdodanielgalvao.com.br\/site\/wp-json\/wp\/v2\/posts\/9055\/revisions\/9057"}],"wp:featuredmedia":[{"embeddable":true,"href":"https:\/\/blogdodanielgalvao.com.br\/site\/wp-json\/wp\/v2\/media\/9056"}],"wp:attachment":[{"href":"https:\/\/blogdodanielgalvao.com.br\/site\/wp-json\/wp\/v2\/media?parent=9055"}],"wp:term":[{"taxonomy":"category","embeddable":true,"href":"https:\/\/blogdodanielgalvao.com.br\/site\/wp-json\/wp\/v2\/categories?post=9055"},{"taxonomy":"post_tag","embeddable":true,"href":"https:\/\/blogdodanielgalvao.com.br\/site\/wp-json\/wp\/v2\/tags?post=9055"}],"curies":[{"name":"wp","href":"https:\/\/api.w.org\/{rel}","templated":true}]}}