{"id":893,"date":"2017-12-03T15:57:58","date_gmt":"2017-12-03T17:57:58","guid":{"rendered":"http:\/\/blogdodanielgalvao.com.br\/site\/?p=893"},"modified":"2017-12-03T16:02:21","modified_gmt":"2017-12-03T18:02:21","slug":"quissama-vereadora-se-apresenta-como-secretaria-de-saude-desacata-medica-e-pode-ser-processada-criminalmente","status":"publish","type":"post","link":"https:\/\/blogdodanielgalvao.com.br\/site\/quissama-vereadora-se-apresenta-como-secretaria-de-saude-desacata-medica-e-pode-ser-processada-criminalmente\/","title":{"rendered":"Quissam\u00e3: vereadora se apresenta como secret\u00e1ria de Sa\u00fade, desacata m\u00e9dica e pode ser processada criminalmente"},"content":{"rendered":"<p>A crise de enxaqueca da adolescente filha de uma assessora do mandato de Alexandra Moreira (PSC), na noite deste s\u00e1bado, 2, promete dar muita dor de cabe\u00e7a para a vereadora e ex-primeira dama de Quissam\u00e3.<\/p>\n<p>Isso porque, a menina &#8211; de 17 anos &#8211; esteve sozinha no Hospital Municipal de Quissam\u00e3 em busca de atendimento. Ainda na recep\u00e7\u00e3o da unidade, a m\u00e9dica \u00c9rika Alves Coimbra Lhermitte, vendo a intensidade da crise da adolescente e por tamb\u00e9m ser v\u00edtima de enxaqueca, decidiu anotar em um peda\u00e7o de papel o nome de alguns medicamentos que ajudam a diminuir as dores.<\/p>\n<p><img loading=\"lazy\" decoding=\"async\" class=\"alignleft wp-image-896 size-thumbnail\" src=\"https:\/\/blogdodanielgalvao.com.br\/site\/wp-content\/uploads\/2017\/12\/image-2-150x150.jpeg\" alt=\"\" width=\"150\" height=\"150\" \/>A adolescente saiu do hospital com a anota\u00e7\u00e3o nas m\u00e3os. Isso bastou para que, algum tempo depois, aparecessem no Hospital a vereadora e sua assessora, Patr\u00edcia Viana Salles, supostamente m\u00e3e da paciente. Elas iniciaram, ent\u00e3o, uma s\u00e9rie de desacatos a servidora municipal que estava em pleno exerc\u00edcio da fun\u00e7\u00e3o &#8211; que, ali\u00e1s, est\u00e1 sob prote\u00e7\u00e3o da lei.<\/p>\n<p>De acordo com o registro de ocorr\u00eancia feito por \u00c9rika na 130a DP, Alexandra fez quest\u00e3o de se apresentar como advogada, vereadora e secret\u00e1ria de Sa\u00fade &#8211; cargo que ela s\u00f3 ocupou no Governo do marido, Armando Carneiro (PSC).<\/p>\n<p><img loading=\"lazy\" decoding=\"async\" class=\"aligncenter wp-image-899 size-medium\" src=\"https:\/\/blogdodanielgalvao.com.br\/site\/wp-content\/uploads\/2017\/12\/image-3-300x169.jpeg\" alt=\"\" width=\"300\" height=\"169\" \/>\u00c9rika disse ainda aos policiais que a parlamentar, por diversas vezes, insinuou que ela n\u00e3o era m\u00e9dica, a chamou de irrespons\u00e1vel e chegou a dizer que a servidora &#8220;perderia seu CRM&#8221; &#8211; o registro no Conselho Regional de Medicina que lhe permite clinicar. Tudo isso na frente de diversas testemunhas.<\/p>\n<p>Toda a confus\u00e3o causada pela vereadora e sua assessora aconteceu na recep\u00e7\u00e3o e na sala de administra\u00e7\u00e3o do Hospital. Em sua rede social, entretanto, Alexandra Moreira desejou sua demiss\u00e3o, tentou culpar a \u00c9rika e criminalizar o fato de uma simples anota\u00e7\u00e3o com nomes de medicamentos ter sido dada por uma m\u00e9dica a algu\u00e9m que buscava ajuda numa unidade de Sa\u00fade.<\/p>\n<p>Contudo, \u00c9rika j\u00e1 informou que pretende representar criminalmente contra Alexandra e sua assessora.<\/p>\n","protected":false},"excerpt":{"rendered":"<p>A crise de enxaqueca da adolescente filha de uma assessora do mandato de Alexandra Moreira (PSC), na noite deste s\u00e1bado, 2, promete dar muita dor de cabe\u00e7a para a vereadora e ex-primeira dama de Quissam\u00e3. Isso porque, a menina &#8211; de 17 anos &#8211; esteve sozinha no Hospital Municipal de Quissam\u00e3 em busca de atendimento. [&hellip;]<\/p>\n","protected":false},"author":2,"featured_media":894,"comment_status":"open","ping_status":"open","sticky":false,"template":"","format":"standard","meta":{"footnotes":""},"categories":[60,9,14,5],"tags":[323,324,325],"class_list":["post-893","post","type-post","status-publish","format-standard","has-post-thumbnail","hentry","category-brasil","category-estado","category-geral","category-quissama","tag-alexandra-moreira","tag-armando","tag-hospital-de-quissama"],"_links":{"self":[{"href":"https:\/\/blogdodanielgalvao.com.br\/site\/wp-json\/wp\/v2\/posts\/893","targetHints":{"allow":["GET"]}}],"collection":[{"href":"https:\/\/blogdodanielgalvao.com.br\/site\/wp-json\/wp\/v2\/posts"}],"about":[{"href":"https:\/\/blogdodanielgalvao.com.br\/site\/wp-json\/wp\/v2\/types\/post"}],"author":[{"embeddable":true,"href":"https:\/\/blogdodanielgalvao.com.br\/site\/wp-json\/wp\/v2\/users\/2"}],"replies":[{"embeddable":true,"href":"https:\/\/blogdodanielgalvao.com.br\/site\/wp-json\/wp\/v2\/comments?post=893"}],"version-history":[{"count":4,"href":"https:\/\/blogdodanielgalvao.com.br\/site\/wp-json\/wp\/v2\/posts\/893\/revisions"}],"predecessor-version":[{"id":900,"href":"https:\/\/blogdodanielgalvao.com.br\/site\/wp-json\/wp\/v2\/posts\/893\/revisions\/900"}],"wp:featuredmedia":[{"embeddable":true,"href":"https:\/\/blogdodanielgalvao.com.br\/site\/wp-json\/wp\/v2\/media\/894"}],"wp:attachment":[{"href":"https:\/\/blogdodanielgalvao.com.br\/site\/wp-json\/wp\/v2\/media?parent=893"}],"wp:term":[{"taxonomy":"category","embeddable":true,"href":"https:\/\/blogdodanielgalvao.com.br\/site\/wp-json\/wp\/v2\/categories?post=893"},{"taxonomy":"post_tag","embeddable":true,"href":"https:\/\/blogdodanielgalvao.com.br\/site\/wp-json\/wp\/v2\/tags?post=893"}],"curies":[{"name":"wp","href":"https:\/\/api.w.org\/{rel}","templated":true}]}}