{"id":8880,"date":"2023-07-08T18:53:08","date_gmt":"2023-07-08T21:53:08","guid":{"rendered":"http:\/\/blogdodanielgalvao.com.br\/site\/?p=8880"},"modified":"2023-07-08T18:53:08","modified_gmt":"2023-07-08T21:53:08","slug":"claudio-castro-participa-de-evento-promovido-pelo-jornal-o-globo","status":"publish","type":"post","link":"https:\/\/blogdodanielgalvao.com.br\/site\/claudio-castro-participa-de-evento-promovido-pelo-jornal-o-globo\/","title":{"rendered":"Cl\u00e1udio Castro participa de evento promovido pelo jornal O Globo"},"content":{"rendered":"<p><big>O governador Cl\u00e1udio Castro participou do encontro Reage, Rio!, na manh\u00e3 desta sexta-feira (07\/07), na sede do jornal O Globo, no Centro do Rio. A solenidade reuniu autoridades, pol\u00edticos e sociedade civil com o intuito de debater os impactos da Reforma Tribut\u00e1ria para o Rio de Janeiro. Cl\u00e1udio Castro, que participou do primeiro painel, destacou os benef\u00edcios para o estado com o fim da guerra fiscal.\u00a0<\/big><\/p>\n<p>&nbsp;<\/p>\n<p><big>&#8211; As premissas abordadas no Congresso Nacional, de uma forma geral, s\u00e3o muito boas para o Rio de Janeiro. Como exemplo, podemos citar o princ\u00edpio do destino que, de acordo com estudos da Secretaria Estadual de Fazenda, o nosso estado ir\u00e1 arrecadar cerca de R$ 6,5 bilh\u00f5es por ano, em valores nominais. O Rio de Janeiro tem uma infraestrutura muito positiva para quem quer investir aqui &#8211; ressaltou.<\/big><\/p>\n<p>&nbsp;<\/p>\n<p><big>O evento teve como mediadora a editora de economia do jornal O Globo, a jornalista Luciana Rodrigues e foi dividido em duas mesas de di\u00e1logos. A primeira rodada foi composta pelo governador; o prefeito do Rio, Eduardo Paes; o presidente da Fecom\u00e9rcio RJ, Antonio Florencio de Queiroz Junior; a advogada tributarista Luiza Lacerda e a consultora em governan\u00e7a corporativa Eduarda La Rocque e trouxe o tema &#8220;Como o estado precisa se preparar para o efeito da reforma em sua receita&#8217;. J\u00e1 a segunda rodada, a tem\u00e1tica foi &#8216;O impacto para o setor de servi\u00e7os com a tributa\u00e7\u00e3o aumentada ap\u00f3s a reforma&#8221;.<\/big><\/p>\n","protected":false},"excerpt":{"rendered":"<p>O governador Cl\u00e1udio Castro participou do encontro Reage, Rio!, na manh\u00e3 desta sexta-feira (07\/07), na sede do jornal O Globo, no Centro do Rio. A solenidade reuniu autoridades, pol\u00edticos e sociedade civil com o intuito de debater os impactos da Reforma Tribut\u00e1ria para o Rio de Janeiro. Cl\u00e1udio Castro, que participou do primeiro painel, destacou [&hellip;]<\/p>\n","protected":false},"author":2,"featured_media":8881,"comment_status":"open","ping_status":"open","sticky":false,"template":"","format":"standard","meta":{"footnotes":""},"categories":[304],"tags":[],"class_list":["post-8880","post","type-post","status-publish","format-standard","has-post-thumbnail","hentry","category-rio-de-janeiro"],"_links":{"self":[{"href":"https:\/\/blogdodanielgalvao.com.br\/site\/wp-json\/wp\/v2\/posts\/8880","targetHints":{"allow":["GET"]}}],"collection":[{"href":"https:\/\/blogdodanielgalvao.com.br\/site\/wp-json\/wp\/v2\/posts"}],"about":[{"href":"https:\/\/blogdodanielgalvao.com.br\/site\/wp-json\/wp\/v2\/types\/post"}],"author":[{"embeddable":true,"href":"https:\/\/blogdodanielgalvao.com.br\/site\/wp-json\/wp\/v2\/users\/2"}],"replies":[{"embeddable":true,"href":"https:\/\/blogdodanielgalvao.com.br\/site\/wp-json\/wp\/v2\/comments?post=8880"}],"version-history":[{"count":1,"href":"https:\/\/blogdodanielgalvao.com.br\/site\/wp-json\/wp\/v2\/posts\/8880\/revisions"}],"predecessor-version":[{"id":8882,"href":"https:\/\/blogdodanielgalvao.com.br\/site\/wp-json\/wp\/v2\/posts\/8880\/revisions\/8882"}],"wp:featuredmedia":[{"embeddable":true,"href":"https:\/\/blogdodanielgalvao.com.br\/site\/wp-json\/wp\/v2\/media\/8881"}],"wp:attachment":[{"href":"https:\/\/blogdodanielgalvao.com.br\/site\/wp-json\/wp\/v2\/media?parent=8880"}],"wp:term":[{"taxonomy":"category","embeddable":true,"href":"https:\/\/blogdodanielgalvao.com.br\/site\/wp-json\/wp\/v2\/categories?post=8880"},{"taxonomy":"post_tag","embeddable":true,"href":"https:\/\/blogdodanielgalvao.com.br\/site\/wp-json\/wp\/v2\/tags?post=8880"}],"curies":[{"name":"wp","href":"https:\/\/api.w.org\/{rel}","templated":true}]}}