{"id":8877,"date":"2023-07-08T18:47:23","date_gmt":"2023-07-08T21:47:23","guid":{"rendered":"http:\/\/blogdodanielgalvao.com.br\/site\/?p=8877"},"modified":"2023-07-08T18:47:23","modified_gmt":"2023-07-08T21:47:23","slug":"expo-2023-reuniao-define-estrutura-do-evento","status":"publish","type":"post","link":"https:\/\/blogdodanielgalvao.com.br\/site\/expo-2023-reuniao-define-estrutura-do-evento\/","title":{"rendered":"Expo 2023: reuni\u00e3o define estrutura do evento"},"content":{"rendered":"<p>Maca\u00e9 se prepara para realizar a tradicional Exposi\u00e7\u00e3o Agropecu\u00e1ria em comemora\u00e7\u00e3o aos 210 anos do munic\u00edpio. Nesta sexta-feira (7), representantes de diferentes secretarias se reuniram para organizar os detalhes do evento.<\/p>\n<blockquote>\n<div>&#8221;Ano passado fizemos uma grande festa e, esse ano, temos a responsabilidade de entregar a um evento ainda melhor. Temos condi\u00e7\u00f5es de ser os melhores do Brasil, somos refer\u00eancia&#8221;, afirmou o secret\u00e1rio de Turismo, L\u00e9o Anderson.<\/div>\n<\/blockquote>\n<p>Durante a reuni\u00e3o foram discutidas as obriga\u00e7\u00f5es de cada secretaria no evento. O secret\u00e1rio de Agroeconomia, Carlos Eduardo Jardim, ressaltou a import\u00e2ncia do evento.<\/p>\n<blockquote>\n<div>&#8221;\u00c9 extremamente necess\u00e1rio darmos as m\u00e3os para a realiza\u00e7\u00e3o dessa grande festa. A Expo Maca\u00e9 mostra o potencial do munic\u00edpio para o agroneg\u00f3cio, turismo, desenvolvimento econ\u00f4mico e diversas outras \u00e1reas&#8221;, disse.<\/div>\n<\/blockquote>\n<p>O local come\u00e7a a ser preparado na pr\u00f3xima segunda-feira (10). A estrutura contar\u00e1 com a tradicional mini fazendinha, parque de divers\u00f5es, escolinha de tr\u00e2nsito, feira da agricultura familiar, estande da Secretaria de Pol\u00edtica e Promo\u00e7\u00e3o da Igualdade Racial da Igualdade Racial, Feira de artesanato com 30 barracas, Feira de Economia do Mar, show com artistas locais e muito mais. Ser\u00e3o montados dois postos de sa\u00fade para atender a popula\u00e7\u00e3o em qualquer eventualidade.<\/p>\n<div><\/div>\n<p>A Secretaria de Prote\u00e7\u00e3o Animal tamb\u00e9m estar\u00e1 atuando durante o evento com campanhas educativas e atendimento veterin\u00e1rio.<\/p>\n<p>O acesso ao parque ser\u00e1 livre e somente os shows dos dias 27, 28 e 30 ser\u00e3o cobrados (excetos camarotes e \u00e1reas vip e premium que ser\u00e3o cobrados todos os dias).<\/p>\n<p>Participaram da reuni\u00e3o as secretarias de Governo, Turismo, Agroeconomia, Mobilidade Urbana, Sa\u00fade, Ordem P\u00fablica, Desenvolvimento Econ\u00f4mico, de Pol\u00edtica e Promo\u00e7\u00e3o da Igualdade Racial da Igualdade Racial, Cultura Prote\u00e7\u00e3o Animal, Cerimonial, adjunta de Servi\u00e7os P\u00fablicos, Coordenadoria de Ilumina\u00e7\u00e3o P\u00fablica, Coordenadoria Especial de Posturas e Coordenadoria Especial de Vigil\u00e2ncia Sanit\u00e1ria.<\/p>\n","protected":false},"excerpt":{"rendered":"<p>Maca\u00e9 se prepara para realizar a tradicional Exposi\u00e7\u00e3o Agropecu\u00e1ria em comemora\u00e7\u00e3o aos 210 anos do munic\u00edpio. Nesta sexta-feira (7), representantes de diferentes secretarias se reuniram para organizar os detalhes do evento. &#8221;Ano passado fizemos uma grande festa e, esse ano, temos a responsabilidade de entregar a um evento ainda melhor. Temos condi\u00e7\u00f5es de ser os [&hellip;]<\/p>\n","protected":false},"author":2,"featured_media":8878,"comment_status":"open","ping_status":"open","sticky":false,"template":"","format":"standard","meta":{"footnotes":""},"categories":[2],"tags":[],"class_list":["post-8877","post","type-post","status-publish","format-standard","has-post-thumbnail","hentry","category-macae"],"_links":{"self":[{"href":"https:\/\/blogdodanielgalvao.com.br\/site\/wp-json\/wp\/v2\/posts\/8877","targetHints":{"allow":["GET"]}}],"collection":[{"href":"https:\/\/blogdodanielgalvao.com.br\/site\/wp-json\/wp\/v2\/posts"}],"about":[{"href":"https:\/\/blogdodanielgalvao.com.br\/site\/wp-json\/wp\/v2\/types\/post"}],"author":[{"embeddable":true,"href":"https:\/\/blogdodanielgalvao.com.br\/site\/wp-json\/wp\/v2\/users\/2"}],"replies":[{"embeddable":true,"href":"https:\/\/blogdodanielgalvao.com.br\/site\/wp-json\/wp\/v2\/comments?post=8877"}],"version-history":[{"count":1,"href":"https:\/\/blogdodanielgalvao.com.br\/site\/wp-json\/wp\/v2\/posts\/8877\/revisions"}],"predecessor-version":[{"id":8879,"href":"https:\/\/blogdodanielgalvao.com.br\/site\/wp-json\/wp\/v2\/posts\/8877\/revisions\/8879"}],"wp:featuredmedia":[{"embeddable":true,"href":"https:\/\/blogdodanielgalvao.com.br\/site\/wp-json\/wp\/v2\/media\/8878"}],"wp:attachment":[{"href":"https:\/\/blogdodanielgalvao.com.br\/site\/wp-json\/wp\/v2\/media?parent=8877"}],"wp:term":[{"taxonomy":"category","embeddable":true,"href":"https:\/\/blogdodanielgalvao.com.br\/site\/wp-json\/wp\/v2\/categories?post=8877"},{"taxonomy":"post_tag","embeddable":true,"href":"https:\/\/blogdodanielgalvao.com.br\/site\/wp-json\/wp\/v2\/tags?post=8877"}],"curies":[{"name":"wp","href":"https:\/\/api.w.org\/{rel}","templated":true}]}}