{"id":8873,"date":"2023-07-06T10:15:31","date_gmt":"2023-07-06T13:15:31","guid":{"rendered":"http:\/\/blogdodanielgalvao.com.br\/site\/?p=8873"},"modified":"2023-07-06T10:15:31","modified_gmt":"2023-07-06T13:15:31","slug":"abracu-campanha-do-agasalho-arrecadou-cerca-de-900-pecas-de-frio-para-doacao","status":"publish","type":"post","link":"https:\/\/blogdodanielgalvao.com.br\/site\/abracu-campanha-do-agasalho-arrecadou-cerca-de-900-pecas-de-frio-para-doacao\/","title":{"rendered":"AbrA\u00c7U: Campanha do Agasalho arrecadou cerca de 900 pe\u00e7as de frio para doa\u00e7\u00e3o"},"content":{"rendered":"<p>Cerca de 900 pe\u00e7as de frio foram arrecadadas e encaminhadas para doa\u00e7\u00e3o, atrav\u00e9s da Campanha do Agasalho do AbrA\u00c7U, o Programa de Voluntariado do Porto do A\u00e7u. Os donativos beneficiaram homens e mulheres do Centro de Refer\u00eancia Especializado para Popula\u00e7\u00e3o de Rua (Centro Pop), em Campos, e fam\u00edlias do Movimento Social Santa Dulce, em S\u00e3o Jo\u00e3o da Barra.<\/p>\n<p>Por mais um ano, o grupo promoveu a a\u00e7\u00e3o entre os colaboradores do complexo portu\u00e1rio, com convite tamb\u00e9m para a ades\u00e3o da popula\u00e7\u00e3o local. Ao todo, foram 9 pontos de coleta espalhados por Campos, S\u00e3o Jo\u00e3o da Barra e Rio de Janeiro. O diferencial, neste ano, foi a vaquinha online, que possibilitou doa\u00e7\u00f5es tamb\u00e9m via pix, com valor total destinado a compra de 63 cobertores.<\/p>\n<p>\u201cPara n\u00f3s, que idealizamos e incentivamos o AbrA\u00c7U, \u00e9 uma satisfa\u00e7\u00e3o enorme perceber a ades\u00e3o de colaboradores das diferentes empresas instaladas no complexo, al\u00e9m do engajamento da sociedade em geral. Nesta \u00e9poca do ano, com as baixas temperaturas, sei que esses agasalhos ir\u00e3o contribuir e fazer o inverno de muitas fam\u00edlias mais quentinho\u201d, comenta Bruno Esteves, Analista de Responsabilidade Social da Porto do A\u00e7u Opera\u00e7\u00f5es.<\/p>\n<p>Participaram da a\u00e7\u00e3o as empresas Porto do A\u00e7u Opera\u00e7\u00f5es,\u00a0Vast, BPort, DOME, Ferroport, GNA, Andrade Gutierrez, NOV e TechipFMC.<\/p>\n<p>Com a Campanha do Agasalho, o Programa de Voluntariado do Porto do A\u00e7u j\u00e1 soma 39 a\u00e7\u00f5es realizadas desde a sua cria\u00e7\u00e3o, em 2017. Ao longo deste per\u00edodo, mais de 13.078 mil pessoas foram beneficiadas, 95 parcerias feitas e mais de 200 colaboradores se engajaram nas atividades em prol da popula\u00e7\u00e3o local.<\/p>\n","protected":false},"excerpt":{"rendered":"<p>Cerca de 900 pe\u00e7as de frio foram arrecadadas e encaminhadas para doa\u00e7\u00e3o, atrav\u00e9s da Campanha do Agasalho do AbrA\u00c7U, o Programa de Voluntariado do Porto do A\u00e7u. Os donativos beneficiaram homens e mulheres do Centro de Refer\u00eancia Especializado para Popula\u00e7\u00e3o de Rua (Centro Pop), em Campos, e fam\u00edlias do Movimento Social Santa Dulce, em S\u00e3o [&hellip;]<\/p>\n","protected":false},"author":2,"featured_media":8874,"comment_status":"open","ping_status":"open","sticky":false,"template":"","format":"standard","meta":{"footnotes":""},"categories":[14],"tags":[],"class_list":["post-8873","post","type-post","status-publish","format-standard","has-post-thumbnail","hentry","category-geral"],"_links":{"self":[{"href":"https:\/\/blogdodanielgalvao.com.br\/site\/wp-json\/wp\/v2\/posts\/8873","targetHints":{"allow":["GET"]}}],"collection":[{"href":"https:\/\/blogdodanielgalvao.com.br\/site\/wp-json\/wp\/v2\/posts"}],"about":[{"href":"https:\/\/blogdodanielgalvao.com.br\/site\/wp-json\/wp\/v2\/types\/post"}],"author":[{"embeddable":true,"href":"https:\/\/blogdodanielgalvao.com.br\/site\/wp-json\/wp\/v2\/users\/2"}],"replies":[{"embeddable":true,"href":"https:\/\/blogdodanielgalvao.com.br\/site\/wp-json\/wp\/v2\/comments?post=8873"}],"version-history":[{"count":1,"href":"https:\/\/blogdodanielgalvao.com.br\/site\/wp-json\/wp\/v2\/posts\/8873\/revisions"}],"predecessor-version":[{"id":8875,"href":"https:\/\/blogdodanielgalvao.com.br\/site\/wp-json\/wp\/v2\/posts\/8873\/revisions\/8875"}],"wp:featuredmedia":[{"embeddable":true,"href":"https:\/\/blogdodanielgalvao.com.br\/site\/wp-json\/wp\/v2\/media\/8874"}],"wp:attachment":[{"href":"https:\/\/blogdodanielgalvao.com.br\/site\/wp-json\/wp\/v2\/media?parent=8873"}],"wp:term":[{"taxonomy":"category","embeddable":true,"href":"https:\/\/blogdodanielgalvao.com.br\/site\/wp-json\/wp\/v2\/categories?post=8873"},{"taxonomy":"post_tag","embeddable":true,"href":"https:\/\/blogdodanielgalvao.com.br\/site\/wp-json\/wp\/v2\/tags?post=8873"}],"curies":[{"name":"wp","href":"https:\/\/api.w.org\/{rel}","templated":true}]}}