{"id":8853,"date":"2023-06-30T09:34:28","date_gmt":"2023-06-30T12:34:28","guid":{"rendered":"http:\/\/blogdodanielgalvao.com.br\/site\/?p=8853"},"modified":"2023-06-30T09:34:28","modified_gmt":"2023-06-30T12:34:28","slug":"petropolis-e-incluida-no-plano-estrategico-de-desenvolvimento-urbano-integrado-da-regiao-metropolitana","status":"publish","type":"post","link":"https:\/\/blogdodanielgalvao.com.br\/site\/petropolis-e-incluida-no-plano-estrategico-de-desenvolvimento-urbano-integrado-da-regiao-metropolitana\/","title":{"rendered":"Petr\u00f3polis \u00e9 inclu\u00edda no Plano Estrat\u00e9gico de Desenvolvimento Urbano Integrado da Regi\u00e3o Metropolitana"},"content":{"rendered":"<p><big>O governador Cl\u00e1udio Castro aprovou nesta quinta-feira (29\/06), no Pal\u00e1cio Guanabara, junto ao Conselho Deliberativo do Instituto Rio Metr\u00f3pole (IRM), a inclus\u00e3o do munic\u00edpio de Petr\u00f3polis ao Plano Estrat\u00e9gico de Desenvolvimento Urbano Integrado da Regi\u00e3o Metropolitana do Rio de Janeiro e cinco novos projetos de desenvolvimento regional.<\/big><\/p>\n<p>&nbsp;<\/p>\n<p><big>&#8211; Nossa gest\u00e3o acredita muito no Instituto Rio Metr\u00f3pole como forma de desenvolvimento do Rio de Janeiro por inteiro, n\u00e3o s\u00f3 da Regi\u00e3o Metropolitana. Por diversas vezes tratamos assuntos aqui que acabam atingindo o estado todo, mostrando como esse instituto tem tudo para fazer a diferen\u00e7a na vida das pessoas. Quando se tem essa capacidade de planejar, de fazer os estudos e dar tecnicidade aos nossos sonhos, com certeza se evolui como gest\u00e3o e sociedade \u2013 afirmou o governador do Rio.<\/big><\/p>\n<p>&nbsp;<\/p>\n<p><big>A inclus\u00e3o de Petr\u00f3polis no Plano Estrat\u00e9gico permite que a cidade seja modelada como as cidades metropolitanas, no que diz respeito \u00e0 reconfigura\u00e7\u00e3o espacial, saneamento, resili\u00eancia ambiental, habita\u00e7\u00e3o, equipamentos sociais, mobilidade, valoriza\u00e7\u00e3o do patrim\u00f4nio ambiental, constru\u00eddo e cultural, e expans\u00e3o econ\u00f4mica e gest\u00e3o p\u00fablica. J\u00e1 os novos estudos anunciados foram bem recebidos pelo conselho deliberativo, formado pelo governador Cl\u00e1udio Castro, que o preside, al\u00e9m dos 22 prefeitos dos munic\u00edpios que integram a Regi\u00e3o Metropolitana e por representantes da sociedade civil.<\/big><\/p>\n<p>&nbsp;<\/p>\n<p><big>&#8211; Ningu\u00e9m consegue fazer um hospital, uma ponte ou qualquer tipo de atividade sem ser com um projeto. Queremos nos colocar \u00e0 disposi\u00e7\u00e3o para poder ajudar o desenvolvimento da Regi\u00e3o Metropolitana e dos munic\u00edpios \u2013 afirmou o presidente do IRM, Davi Perini Vermelho.<\/big><\/p>\n<p>&nbsp;<\/p>\n<p><big>O encontro contou com a presen\u00e7a do governador Cl\u00e1udio Castro, do presidente do IRM, Davi Perini Vermelho, do secret\u00e1rio de Estado de Governo, Bernardo Rossi, do secret\u00e1rio de Planejamento e Gest\u00e3o, Adilson Farias, deputados federais e estaduais. Prefeitos ou representantes dos munic\u00edpios do Rio de Janeiro, Belford Roxo, Cachoeira de Macacu, Niter\u00f3i, Duque de Caxias, Guapimirim, Itabora\u00ed, Itagua\u00ed, Japeri, Mag\u00e9, Maric\u00e1, Mesquita, Nil\u00f3polis, Nova Igua\u00e7u, Paracambi, Rio Bonito, S\u00e3o Gon\u00e7alo, S\u00e3o Jo\u00e3o de Meriti e Serop\u00e9dica tamb\u00e9m estavam na reuni\u00e3o.<\/big><\/p>\n<p>&nbsp;<\/p>\n<p><strong><big>Os novos estudos<\/big><\/strong><\/p>\n<p><big>Entre os novos projetos aprovados, a ado\u00e7\u00e3o da Metodologia Building Information Modelling (BIM) (ou Modelagem da Informa\u00e7\u00e3o da Constru\u00e7\u00e3o, no portugu\u00eas) visa a elabora\u00e7\u00e3o de projetos, estrat\u00e9gias, capacita\u00e7\u00e3o e fiscaliza\u00e7\u00e3o de acordo com este sistema de constru\u00e7\u00e3o civil. O Cintur\u00e3o de Monitoramento Integrado do Sistema de Transporte de Cargas e Passageiros prev\u00ea um novo sistema de controle de circula\u00e7\u00e3o de carros de passeios, transportes coletivos e ve\u00edculos de carga.\u00a0<\/big><\/p>\n<p>&nbsp;<\/p>\n<p><big>J\u00e1 o Plano de Efici\u00eancia e Transi\u00e7\u00e3o Energ\u00e9tica vai identificar oportunidades, mensurar o consumo e modelar a transi\u00e7\u00e3o das matrizes dos munic\u00edpios. O Invent\u00e1rio Metropolitano de Cr\u00e9dito de Carbono e Ativos Verdes pretende identificar \u00e1reas geradoras de cr\u00e9dito de carbono, o valuation de \u00e1reas potenciais e a certifica\u00e7\u00e3o de \u00e1reas para comercializa\u00e7\u00e3o.\u00a0<\/big><\/p>\n<p>&nbsp;<\/p>\n<p><big>J\u00e1 a Infovia Metropolitana tem por foco viabilizar a transmiss\u00e3o de voz e imagens em alta velocidade, bem como a implementa\u00e7\u00e3o de banda larga para atender o Governo do Estado em todos os munic\u00edpios da Regi\u00e3o Metropolitana.<\/big><\/p>\n","protected":false},"excerpt":{"rendered":"<p>O governador Cl\u00e1udio Castro aprovou nesta quinta-feira (29\/06), no Pal\u00e1cio Guanabara, junto ao Conselho Deliberativo do Instituto Rio Metr\u00f3pole (IRM), a inclus\u00e3o do munic\u00edpio de Petr\u00f3polis ao Plano Estrat\u00e9gico de Desenvolvimento Urbano Integrado da Regi\u00e3o Metropolitana do Rio de Janeiro e cinco novos projetos de desenvolvimento regional. &nbsp; &#8211; Nossa gest\u00e3o acredita muito no Instituto [&hellip;]<\/p>\n","protected":false},"author":2,"featured_media":8854,"comment_status":"open","ping_status":"open","sticky":false,"template":"","format":"standard","meta":{"footnotes":""},"categories":[304],"tags":[],"class_list":["post-8853","post","type-post","status-publish","format-standard","has-post-thumbnail","hentry","category-rio-de-janeiro"],"_links":{"self":[{"href":"https:\/\/blogdodanielgalvao.com.br\/site\/wp-json\/wp\/v2\/posts\/8853","targetHints":{"allow":["GET"]}}],"collection":[{"href":"https:\/\/blogdodanielgalvao.com.br\/site\/wp-json\/wp\/v2\/posts"}],"about":[{"href":"https:\/\/blogdodanielgalvao.com.br\/site\/wp-json\/wp\/v2\/types\/post"}],"author":[{"embeddable":true,"href":"https:\/\/blogdodanielgalvao.com.br\/site\/wp-json\/wp\/v2\/users\/2"}],"replies":[{"embeddable":true,"href":"https:\/\/blogdodanielgalvao.com.br\/site\/wp-json\/wp\/v2\/comments?post=8853"}],"version-history":[{"count":1,"href":"https:\/\/blogdodanielgalvao.com.br\/site\/wp-json\/wp\/v2\/posts\/8853\/revisions"}],"predecessor-version":[{"id":8855,"href":"https:\/\/blogdodanielgalvao.com.br\/site\/wp-json\/wp\/v2\/posts\/8853\/revisions\/8855"}],"wp:featuredmedia":[{"embeddable":true,"href":"https:\/\/blogdodanielgalvao.com.br\/site\/wp-json\/wp\/v2\/media\/8854"}],"wp:attachment":[{"href":"https:\/\/blogdodanielgalvao.com.br\/site\/wp-json\/wp\/v2\/media?parent=8853"}],"wp:term":[{"taxonomy":"category","embeddable":true,"href":"https:\/\/blogdodanielgalvao.com.br\/site\/wp-json\/wp\/v2\/categories?post=8853"},{"taxonomy":"post_tag","embeddable":true,"href":"https:\/\/blogdodanielgalvao.com.br\/site\/wp-json\/wp\/v2\/tags?post=8853"}],"curies":[{"name":"wp","href":"https:\/\/api.w.org\/{rel}","templated":true}]}}