{"id":8850,"date":"2023-06-30T09:30:14","date_gmt":"2023-06-30T12:30:14","guid":{"rendered":"http:\/\/blogdodanielgalvao.com.br\/site\/?p=8850"},"modified":"2023-06-30T09:30:14","modified_gmt":"2023-06-30T12:30:14","slug":"claudio-castro-anuncia-ampliacao-de-490-do-turismo-de-negocios-na-abertura-do-22o-forum-empresarial-lide","status":"publish","type":"post","link":"https:\/\/blogdodanielgalvao.com.br\/site\/claudio-castro-anuncia-ampliacao-de-490-do-turismo-de-negocios-na-abertura-do-22o-forum-empresarial-lide\/","title":{"rendered":"Cl\u00e1udio Castro anuncia amplia\u00e7\u00e3o de 490% do turismo de neg\u00f3cios na abertura do 22\u00ba F\u00f3rum Empresarial Lide"},"content":{"rendered":"<div><big>O protagonismo nacional e internacional do Estado do Rio em rela\u00e7\u00e3o ao turismo foi um dos temas destacados pelo governador Cl\u00e1udio Castro, durante palestra no 22\u00b0 F\u00f3rum Empresarial Lide, nesta quinta-feira (29\/06), no Hotel Fairmont, em Copacabana. Castro anunciou o crescimento de 490% do turismo de neg\u00f3cios, e ressaltou ainda a varia\u00e7\u00e3o positiva do Produto Interno Bruto (PIB), que chegou a 5,2% no primeiro trimestre de 2023.<\/p>\n<p>&#8211; O Rio de Janeiro \u00e9 a porta de entrada do Brasil. Os n\u00fameros mostram que o estado recuperou sua credibilidade e, em 2022, o turismo de neg\u00f3cios no Rio de Janeiro se destacou. Al\u00e9m disso, com um ambiente de neg\u00f3cios seguro, os investidores voltaram a olhar para o nosso estado. O resultado foi o crescimento do PIB, o melhor desde 2015 &#8211; declarou o governador Cl\u00e1udio Castro.<\/p>\n<p>Durante o painel \u201cO Rio e o Brasil: Turismo, Emprego e Renda\u201d, tamb\u00e9m foi destacada a terceira coloca\u00e7\u00e3o do estado no ranking nacional de abertura de neg\u00f3cios, com mais de 295 mil empreendimentos abertos.<\/p>\n<p>J\u00e1 nos primeiros meses de 2023, os n\u00fameros mostram a continuidade do crescimento, com destaque para mar\u00e7o, que registrou 6.709 novos neg\u00f3cios. Atualmente, o Estado do Rio tem mais de 1,7 milh\u00e3o de empresas ativas e R$ 100 bilh\u00f5es em investimentos p\u00fablicos e privados.<\/big>\n<\/div>\n<p><big><strong>Participantes do painel<\/strong><\/p>\n<p>O governador participou do painel junto ao prefeito do Rio de Janeiro, Eduardo Paes, o presidente do Grupo Wish de hot\u00e9is, Vinicius Lummertz, e o presidente do Conselho de Administra\u00e7\u00e3o do BNDES, Rafael Lucchesi, com media\u00e7\u00e3o do jornalista e presidente do Lide, Carlos Marques, e do presidente da Maring\u00e1 Turismo, Marcos Arbaitman.<\/p>\n<p>Considerado o mais representativo encontro empresarial do Brasil, o Lide re\u00fane presidentes e vice-presidentes das maiores empresas do pa\u00eds e autoridades p\u00fablicas de todas as esferas.<\/big><\/p>\n","protected":false},"excerpt":{"rendered":"<p>O protagonismo nacional e internacional do Estado do Rio em rela\u00e7\u00e3o ao turismo foi um dos temas destacados pelo governador Cl\u00e1udio Castro, durante palestra no 22\u00b0 F\u00f3rum Empresarial Lide, nesta quinta-feira (29\/06), no Hotel Fairmont, em Copacabana. Castro anunciou o crescimento de 490% do turismo de neg\u00f3cios, e ressaltou ainda a varia\u00e7\u00e3o positiva do Produto [&hellip;]<\/p>\n","protected":false},"author":2,"featured_media":8851,"comment_status":"open","ping_status":"open","sticky":false,"template":"","format":"standard","meta":{"footnotes":""},"categories":[304],"tags":[],"class_list":["post-8850","post","type-post","status-publish","format-standard","has-post-thumbnail","hentry","category-rio-de-janeiro"],"_links":{"self":[{"href":"https:\/\/blogdodanielgalvao.com.br\/site\/wp-json\/wp\/v2\/posts\/8850","targetHints":{"allow":["GET"]}}],"collection":[{"href":"https:\/\/blogdodanielgalvao.com.br\/site\/wp-json\/wp\/v2\/posts"}],"about":[{"href":"https:\/\/blogdodanielgalvao.com.br\/site\/wp-json\/wp\/v2\/types\/post"}],"author":[{"embeddable":true,"href":"https:\/\/blogdodanielgalvao.com.br\/site\/wp-json\/wp\/v2\/users\/2"}],"replies":[{"embeddable":true,"href":"https:\/\/blogdodanielgalvao.com.br\/site\/wp-json\/wp\/v2\/comments?post=8850"}],"version-history":[{"count":1,"href":"https:\/\/blogdodanielgalvao.com.br\/site\/wp-json\/wp\/v2\/posts\/8850\/revisions"}],"predecessor-version":[{"id":8852,"href":"https:\/\/blogdodanielgalvao.com.br\/site\/wp-json\/wp\/v2\/posts\/8850\/revisions\/8852"}],"wp:featuredmedia":[{"embeddable":true,"href":"https:\/\/blogdodanielgalvao.com.br\/site\/wp-json\/wp\/v2\/media\/8851"}],"wp:attachment":[{"href":"https:\/\/blogdodanielgalvao.com.br\/site\/wp-json\/wp\/v2\/media?parent=8850"}],"wp:term":[{"taxonomy":"category","embeddable":true,"href":"https:\/\/blogdodanielgalvao.com.br\/site\/wp-json\/wp\/v2\/categories?post=8850"},{"taxonomy":"post_tag","embeddable":true,"href":"https:\/\/blogdodanielgalvao.com.br\/site\/wp-json\/wp\/v2\/tags?post=8850"}],"curies":[{"name":"wp","href":"https:\/\/api.w.org\/{rel}","templated":true}]}}