{"id":8847,"date":"2023-06-28T16:16:48","date_gmt":"2023-06-28T19:16:48","guid":{"rendered":"http:\/\/blogdodanielgalvao.com.br\/site\/?p=8847"},"modified":"2023-06-28T16:16:48","modified_gmt":"2023-06-28T19:16:48","slug":"cadastrados-no-sus-em-macae-sao-quase-o-dobro-da-populacao","status":"publish","type":"post","link":"https:\/\/blogdodanielgalvao.com.br\/site\/cadastrados-no-sus-em-macae-sao-quase-o-dobro-da-populacao\/","title":{"rendered":"Cadastrados no SUS em Maca\u00e9 s\u00e3o quase o dobro da popula\u00e7\u00e3o"},"content":{"rendered":"<p>A popula\u00e7\u00e3o macaense \u00e9 de cerca de 266 mil, segundo o IBGE, e os atendidos pelo SUS no munic\u00edpio chegam a 400 mil, devido aos inscritos de cidades vizinhas. O alerta foi dado pela secret\u00e1ria adjunta de Aten\u00e7\u00e3o B\u00e1sica da Sa\u00fade, Nat\u00e1lia Antunes, no Grande Expediente da sess\u00e3o do Legislativo nesta ter\u00e7a-feira (27). \u201cN\u00e3o conseguiremos atender tanta gente\u201d, afirmou ela.<\/p>\n<p>Segundo Nat\u00e1lia, 54 novos cart\u00f5es do SUS s\u00e3o cadastrados por dia. A enfermeira falou durante a apresenta\u00e7\u00e3o da pasta, a convite de Paulo Paes (Uni\u00e3o Brasil). De acordo com o secret\u00e1rio de Sa\u00fade, Alexandre Cruz, Maca\u00e9 voltou a integrar o Conselho de Secret\u00e1rios Municipais da Sa\u00fade depois de 15 anos. \u201cEstamos orientando os munic\u00edpios da regi\u00e3o sobre como n\u00e3o demandar tanto de n\u00f3s\u201d.<\/p>\n<p>Ele destacou v\u00e1rios novos equipamentos da secretaria, j\u00e1 em funcionamento ou a serem implantados em breve: polo de oncologia, centro de atendimento a hipertensos e diab\u00e9ticos, al\u00e9m de unidade de nutri\u00e7\u00e3o e alimenta\u00e7\u00e3o especial. \u201cQueremos fazer do Hospital da Serra uma refer\u00eancia no tratamento da obesidade\u201d.<\/p>\n<p>J\u00e1 a secret\u00e1ria adjunta de Alta e M\u00e9dia Complexidade, Mayara Rezende, ressaltou a otimiza\u00e7\u00e3o no atendimento das emerg\u00eancias, evitando que pacientes graves esperem nos corredores das unidades. Ela lembrou o mutir\u00e3o de cirurgias na Regi\u00e3o Serrana: \u201cZeramos a fila de espera para os casos de ves\u00edcula e j\u00e1 planejamos outro\u201d. A gestora tamb\u00e9m mencionou a digitaliza\u00e7\u00e3o e a atualiza\u00e7\u00e3o dos prontu\u00e1rios.<\/p>\n<p><strong>Problemas com cirurgias e exames<\/strong><\/p>\n<p>Paes perguntou sobre a insufici\u00eancia nas opera\u00e7\u00f5es para endometriose \u2013 inflama\u00e7\u00e3o no aparelho reprodutor feminino. \u201cElas fazem parte de um conv\u00eanio com o Estado. Estamos em contato com os respons\u00e1veis pela parceria para resolver esse problema\u201d, respondeu a m\u00e9dica.<\/p>\n<p>O presidente Cesinha (Solidariedade) cobrou a realiza\u00e7\u00e3o de mais colonoscopias \u2013 exame que detecta les\u00f5es no sistema digest\u00f3rio. Nat\u00e1lia informou que um dos dois aparelhos quebrou e houve problemas com a terceiriza\u00e7\u00e3o deles, mas que a situa\u00e7\u00e3o j\u00e1 est\u00e1 encaminhada e logo os procedimentos voltar\u00e3o ao ritmo normal.<\/p>\n<p>Os tr\u00eas secret\u00e1rios falaram por mais de duas horas. Confira a\u00a0<a href=\"https:\/\/www.youtube.com\/watch?v=Cg8-9I4NB5s\">\u00edntegra da sess\u00e3o<\/a>\u00a0e o<a href=\"https:\/\/sapl.macae.rj.leg.br\/sessao\/393\/resumo\">\u00a0resumo da Ordem do Dia<\/a>, com a vota\u00e7\u00e3o das mat\u00e9rias.<\/p>\n","protected":false},"excerpt":{"rendered":"<p>A popula\u00e7\u00e3o macaense \u00e9 de cerca de 266 mil, segundo o IBGE, e os atendidos pelo SUS no munic\u00edpio chegam a 400 mil, devido aos inscritos de cidades vizinhas. O alerta foi dado pela secret\u00e1ria adjunta de Aten\u00e7\u00e3o B\u00e1sica da Sa\u00fade, Nat\u00e1lia Antunes, no Grande Expediente da sess\u00e3o do Legislativo nesta ter\u00e7a-feira (27). \u201cN\u00e3o conseguiremos [&hellip;]<\/p>\n","protected":false},"author":2,"featured_media":8848,"comment_status":"open","ping_status":"open","sticky":false,"template":"","format":"standard","meta":{"footnotes":""},"categories":[2],"tags":[],"class_list":["post-8847","post","type-post","status-publish","format-standard","has-post-thumbnail","hentry","category-macae"],"_links":{"self":[{"href":"https:\/\/blogdodanielgalvao.com.br\/site\/wp-json\/wp\/v2\/posts\/8847","targetHints":{"allow":["GET"]}}],"collection":[{"href":"https:\/\/blogdodanielgalvao.com.br\/site\/wp-json\/wp\/v2\/posts"}],"about":[{"href":"https:\/\/blogdodanielgalvao.com.br\/site\/wp-json\/wp\/v2\/types\/post"}],"author":[{"embeddable":true,"href":"https:\/\/blogdodanielgalvao.com.br\/site\/wp-json\/wp\/v2\/users\/2"}],"replies":[{"embeddable":true,"href":"https:\/\/blogdodanielgalvao.com.br\/site\/wp-json\/wp\/v2\/comments?post=8847"}],"version-history":[{"count":1,"href":"https:\/\/blogdodanielgalvao.com.br\/site\/wp-json\/wp\/v2\/posts\/8847\/revisions"}],"predecessor-version":[{"id":8849,"href":"https:\/\/blogdodanielgalvao.com.br\/site\/wp-json\/wp\/v2\/posts\/8847\/revisions\/8849"}],"wp:featuredmedia":[{"embeddable":true,"href":"https:\/\/blogdodanielgalvao.com.br\/site\/wp-json\/wp\/v2\/media\/8848"}],"wp:attachment":[{"href":"https:\/\/blogdodanielgalvao.com.br\/site\/wp-json\/wp\/v2\/media?parent=8847"}],"wp:term":[{"taxonomy":"category","embeddable":true,"href":"https:\/\/blogdodanielgalvao.com.br\/site\/wp-json\/wp\/v2\/categories?post=8847"},{"taxonomy":"post_tag","embeddable":true,"href":"https:\/\/blogdodanielgalvao.com.br\/site\/wp-json\/wp\/v2\/tags?post=8847"}],"curies":[{"name":"wp","href":"https:\/\/api.w.org\/{rel}","templated":true}]}}