{"id":8843,"date":"2023-06-27T11:03:26","date_gmt":"2023-06-27T14:03:26","guid":{"rendered":"http:\/\/blogdodanielgalvao.com.br\/site\/?p=8843"},"modified":"2023-06-27T11:03:26","modified_gmt":"2023-06-27T14:03:26","slug":"escola-de-contas-e-gestao-prossegue-com-cursos-em-macae","status":"publish","type":"post","link":"https:\/\/blogdodanielgalvao.com.br\/site\/escola-de-contas-e-gestao-prossegue-com-cursos-em-macae\/","title":{"rendered":"Escola de Contas e Gest\u00e3o prossegue com cursos em Maca\u00e9"},"content":{"rendered":"<p>A Escola de Contas e Gest\u00e3o (ECG) do Tribunal de Contas do Estado do Rio de Janeiro (TCE-RJ) prossegue com cursos no munic\u00edpio. Nesta segunda-feira (26), iniciou o terceiro m\u00f3dulo com o tema Planilha de Custos e Forma\u00e7\u00e3o de Pre\u00e7os de Servi\u00e7os, pela IN 05\/2017 do MPDG sob a \u00f3tica da\u00a0<a href=\"https:\/\/www.planalto.gov.br\/ccivil_03\/_ato2019-2022\/2021\/lei\/l14133.htm\"><strong>Nova Lei de Licita\u00e7\u00f5es n\u00ba 14.133\/2021<\/strong><\/a>, na Universidade Est\u00e1cio de S\u00e1, para servidores dos \u00f3rg\u00e3os jurisdicionados.<\/p>\n<p>O tema foi apresentado pelo t\u00e9cnico de controle externo do TCE-RJ, Andr\u00e9 Cavotti. Ele explica que o curso \u00e9 fundamental para orientar os t\u00e9cnicos, como contratar servi\u00e7os terceirizados, bem como manusear a planilha na hora de preench\u00ea-la e verificar os melhores pre\u00e7os. &#8220;Tivemos 60 inscritos e o curso ser\u00e1 ministrado at\u00e9 quarta-feira (28)&#8221;, explicou.<\/p>\n<p>O controlador geral do munic\u00edpio, Ed\u00edlson Santanna, falou sobre a ades\u00e3o ao curso. &#8221;Na semana passada tivemos o segundo m\u00f3dulo, sobre Estudo T\u00e9cnico Preliminar e Termo de Refer\u00eancia, que contou com a participa\u00e7\u00e3o de 130 alunos. O curso foi um sucesso, recorde de participa\u00e7\u00e3o nos cursos itinerantes, sendo Maca\u00e9, primeiro lugar em inscri\u00e7\u00f5es nos polos da ECG&#8221;, disse.<\/p>\n<p>Em Maca\u00e9 ser\u00e3o realizados sete m\u00f3dulos itinerantes. Quem quiser participar dever\u00e1 fazer o cadastro por meio do link: https:\/\/portal br.tcerj.tc.br\/web\/ecg\/cadastro-novo. Ap\u00f3s a identifica\u00e7\u00e3o do curso de interesse, o aluno dever\u00e1 realizar a sua pr\u00e9-inscri\u00e7\u00e3o atrav\u00e9s do site da ECG da Corte Fluminense, que ser\u00e1 confirmada atrav\u00e9s de e-mail encaminhado ao aluno pela pr\u00f3pria Escola de Contas e Gest\u00e3o.<\/p>\n<p>A Escola de Contas e Gest\u00e3o \u00e9 uma escola de capacita\u00e7\u00e3o de servidores, promovida pelo Tribunal de Contas do Estado do Rio de Janeiro, e possui um programa chamado ECG Presente (escola itinerante) que leva a capacita\u00e7\u00e3o at\u00e9 os munic\u00edpios jurisdicionados do Tribunal. Maca\u00e9 \u00e9 a sede do Polo da Regi\u00e3o dos Lagos, sendo refer\u00eancia para mais 16 munic\u00edpios.<\/p>\n<p><strong>Cursos oferecidos:<\/strong><\/p>\n<ul>\n<li style=\"list-style-type: none\">\n<ul>\n<li>Licita\u00e7\u00f5es, procedimentos auxiliares, Inexigibilidade sob a \u00f3tica da Lei n\u00ba 14.133\/2021;<\/li>\n<\/ul>\n<\/li>\n<\/ul>\n<p>&nbsp;<\/p>\n<ul>\n<li style=\"list-style-type: none\">\n<ul>\n<li>Estudo T\u00e9cnico Preliminar e Termo de Refer\u00eancia;<\/li>\n<\/ul>\n<\/li>\n<\/ul>\n<p>&nbsp;<\/p>\n<ul>\n<li style=\"list-style-type: none\">\n<ul>\n<li>Planilha de Custos e Forma\u00e7\u00e3o de Pre\u00e7os de Servi\u00e7os, pela IN 05\/2017 do MPDG sob a \u00f3tica da Nova Lei de Licita\u00e7\u00f5es n\u00ba 14.133\/2021;<\/li>\n<\/ul>\n<\/li>\n<\/ul>\n<p>&nbsp;<\/p>\n<ul>\n<li style=\"list-style-type: none\">\n<ul>\n<li>Valor Estimado das Contrata\u00e7\u00f5es P\u00fablicas sob a \u00f3tica da Nova Lei de Licita\u00e7\u00f5es n\u00ba 14.133\/2021;<\/li>\n<\/ul>\n<\/li>\n<\/ul>\n<p>&nbsp;<\/p>\n<ul>\n<li style=\"list-style-type: none\">\n<ul>\n<li>Contratos Administrativos sob a \u00f3tica da Lei n\u00ba 14.133;<\/li>\n<\/ul>\n<\/li>\n<\/ul>\n<p>&nbsp;<\/p>\n<ul>\n<li style=\"list-style-type: none\">\n<ul>\n<li>Gest\u00e3o e Fiscaliza\u00e7\u00e3o de Contratos sob o enfoque da Lei Federal n\u00b0 14.133\/2021;<\/li>\n<\/ul>\n<\/li>\n<\/ul>\n<p>&nbsp;<\/p>\n<ul>\n<li>* Gest\u00e3o do Cr\u00e9dito.<\/li>\n<\/ul>\n","protected":false},"excerpt":{"rendered":"<p>A Escola de Contas e Gest\u00e3o (ECG) do Tribunal de Contas do Estado do Rio de Janeiro (TCE-RJ) prossegue com cursos no munic\u00edpio. Nesta segunda-feira (26), iniciou o terceiro m\u00f3dulo com o tema Planilha de Custos e Forma\u00e7\u00e3o de Pre\u00e7os de Servi\u00e7os, pela IN 05\/2017 do MPDG sob a \u00f3tica da\u00a0Nova Lei de Licita\u00e7\u00f5es n\u00ba [&hellip;]<\/p>\n","protected":false},"author":2,"featured_media":8844,"comment_status":"open","ping_status":"open","sticky":false,"template":"","format":"standard","meta":{"footnotes":""},"categories":[2],"tags":[],"class_list":["post-8843","post","type-post","status-publish","format-standard","has-post-thumbnail","hentry","category-macae"],"_links":{"self":[{"href":"https:\/\/blogdodanielgalvao.com.br\/site\/wp-json\/wp\/v2\/posts\/8843","targetHints":{"allow":["GET"]}}],"collection":[{"href":"https:\/\/blogdodanielgalvao.com.br\/site\/wp-json\/wp\/v2\/posts"}],"about":[{"href":"https:\/\/blogdodanielgalvao.com.br\/site\/wp-json\/wp\/v2\/types\/post"}],"author":[{"embeddable":true,"href":"https:\/\/blogdodanielgalvao.com.br\/site\/wp-json\/wp\/v2\/users\/2"}],"replies":[{"embeddable":true,"href":"https:\/\/blogdodanielgalvao.com.br\/site\/wp-json\/wp\/v2\/comments?post=8843"}],"version-history":[{"count":1,"href":"https:\/\/blogdodanielgalvao.com.br\/site\/wp-json\/wp\/v2\/posts\/8843\/revisions"}],"predecessor-version":[{"id":8845,"href":"https:\/\/blogdodanielgalvao.com.br\/site\/wp-json\/wp\/v2\/posts\/8843\/revisions\/8845"}],"wp:featuredmedia":[{"embeddable":true,"href":"https:\/\/blogdodanielgalvao.com.br\/site\/wp-json\/wp\/v2\/media\/8844"}],"wp:attachment":[{"href":"https:\/\/blogdodanielgalvao.com.br\/site\/wp-json\/wp\/v2\/media?parent=8843"}],"wp:term":[{"taxonomy":"category","embeddable":true,"href":"https:\/\/blogdodanielgalvao.com.br\/site\/wp-json\/wp\/v2\/categories?post=8843"},{"taxonomy":"post_tag","embeddable":true,"href":"https:\/\/blogdodanielgalvao.com.br\/site\/wp-json\/wp\/v2\/tags?post=8843"}],"curies":[{"name":"wp","href":"https:\/\/api.w.org\/{rel}","templated":true}]}}