{"id":8840,"date":"2023-06-26T14:29:44","date_gmt":"2023-06-26T17:29:44","guid":{"rendered":"http:\/\/blogdodanielgalvao.com.br\/site\/?p=8840"},"modified":"2023-06-26T14:29:44","modified_gmt":"2023-06-26T17:29:44","slug":"vereadores-e-populacao-participam-de-audiencia-publica-sobre-a-ldo","status":"publish","type":"post","link":"https:\/\/blogdodanielgalvao.com.br\/site\/vereadores-e-populacao-participam-de-audiencia-publica-sobre-a-ldo\/","title":{"rendered":"Vereadores e popula\u00e7\u00e3o participam de audi\u00eancia p\u00fablica sobre a LDO"},"content":{"rendered":"<p>As metas e prioridades da administra\u00e7\u00e3o p\u00fablica em 2024 foram apresentadas pelo secret\u00e1rio de Planejamento da cidade, Wagner Mota, nesta quinta-feira (22), na C\u00e2mara Municipal de Maca\u00e9. Na sequ\u00eancia, parlamentares e popula\u00e7\u00e3o encaminharam perguntas e pedidos aos representantes do Executivo. A audi\u00eancia p\u00fablica sobre o tema antecede o debate e vota\u00e7\u00e3o parlamentar sobre a Lei de Diretrizes Or\u00e7ament\u00e1rias (LDO), sendo fundamental para a composi\u00e7\u00e3o da Lei Or\u00e7ament\u00e1ria Anual (LOA).<\/p>\n<p><strong>Servidores<\/strong><\/p>\n<p>Diante da confirma\u00e7\u00e3o do secret\u00e1rio de um novo aumento na arrecada\u00e7\u00e3o de recursos pr\u00f3prios da Prefeitura de Maca\u00e9, Iza Vicente (Rede) perguntou sobre a possibilidade de oferecer um reajuste maior aos servidores municipais em 2024. \u201cR$ 100 milh\u00f5es a mais no ano \u00e9 um valor pequeno para quem tem uma folha de pagamento estimada em R$ 110 milh\u00f5es por m\u00eas\u201d, ponderou Wagner.<\/p>\n<p>O secret\u00e1rio lembrou que antes de projetar um reajuste mais substancial, \u00e9 preciso considerar os gastos com o novo piso da enfermagem, o concurso p\u00fablico em planejamento e o aumento das demandas a partir do crescimento da cidade. \u201cTemos que fazer isso com muita cautela, pois al\u00e9m de 2024 ser um ano eleitoral, precisamos consolidar esse crescimento de modo mais consistente\u201d.<\/p>\n<p><strong>Obras interrompidas<\/strong><\/p>\n<p>A moradora do Complexo da Ajuda, Dona S\u00f4nia, cobrou a conclus\u00e3o das obras do Programa de Acelera\u00e7\u00e3o do Crescimento (PAC) no bairro. \u201cDe tudo que estava previsto inicialmente, foi constru\u00edda apenas uma escola de ensino fundamental e uma quadra poliesportiva. Mas e o posto de sa\u00fade? E o campo de futebol? E a creche? E a retirada do esgoto e cobertura do val\u00e3o? N\u00e3o vimos nada disso se realizar\u201d, lamentou.<\/p>\n<p>A representante da Secretaria de Obras, Samanta Fragoso, aproveitou para informar que est\u00e1 sendo licitada a constru\u00e7\u00e3o de um posto de sa\u00fade e uma escola de educa\u00e7\u00e3o infantil e fundamental no Bosque Azul \u2013 localidade vizinha ao Planalto da Ajuda. \u201cJ\u00e1 a interrup\u00e7\u00e3o das obras do PAC se deu por conta da mudan\u00e7a na gest\u00e3o do governo federal naquela \u00e9poca, al\u00e9m de falta de dota\u00e7\u00e3o or\u00e7ament\u00e1ria para esta finalidade\u201d, acrescentou Samanta.<\/p>\n<p><strong>Demandas da PcD<\/strong><\/p>\n<p>A dona de casa Rosana e o presidente do Centro de Surdos de Maca\u00e9 (Cesma), Luciano da Costa, chamaram a aten\u00e7\u00e3o para as demandas das Pessoas com Defici\u00eancia (PcD). Ao saber sobre a implanta\u00e7\u00e3o de um Centro de Refer\u00eancia para PcDs na cidade, o presidente da Cesma quis saber quando os surdos poder\u00e3o participar para a elabora\u00e7\u00e3o desses equipamentos e pol\u00edticas p\u00fablicas. \u201cA Associa\u00e7\u00e3o Macaense do Deficiente Auditivo (Amada) fechou suas portas por falta de recursos. Por que quem nos atendia deixou de receber subs\u00eddio?\u201d<\/p>\n<p>A moradora do Mirante da Lagoa, Jane Ribeiro da Costa, tamb\u00e9m reclamou da falta de rampas de acesso nas vias p\u00fablicas no bairro e no Centro da cidade. \u201cFalta inclus\u00e3o em diversos aspectos\u201d.<\/p>\n<p>Os parlamentares Luciano Diniz (Cidadania) e Iza \u2013 que integram a Frente Parlamentar da PcD, junto do presidente Cesinha (Solidariedade) e Reginaldo do Hospital (Podemos) \u2013 marcaram uma visita ao Mirante da Lagoa na pr\u00f3xima semana. Os dois se comprometeram ainda a verificar a possiblidade da retomada do subs\u00eddio para a Amada.<\/p>\n<p><strong>Sustentabilidade e justi\u00e7a social<\/strong><\/p>\n<p>Ainda houve questionamentos da popula\u00e7\u00e3o sobre as a\u00e7\u00f5es do governo para promover a sustentabilidade ambiental e combater a desigualdade social em 2024. L\u00edder do governo na C\u00e2mara, Diniz destacou um grande momento para a popula\u00e7\u00e3o debater a pauta ambiental em Maca\u00e9: a audi\u00eancia p\u00fablica sobre a despolui\u00e7\u00e3o da Lagoa de Imboassica. \u201cEst\u00e1 marcada para o dia 21 de setembro, quando discutiremos esta e outras quest\u00f5es relacionadas\u201d.<\/p>\n<p>Professor Michel (Patriota) enfatizou outro momento: o recebimento do especialista em gerenciamento costeiro, Eduardo Bulh\u00f5es, que falar\u00e1 da necessidade de fazer uma gest\u00e3o sustent\u00e1vel das atividades na costa. \u201cSua participa\u00e7\u00e3o est\u00e1 prevista para o dia 2 de agosto, \u00e0s 10h, e est\u00e3o todos convidados\u201d.<\/p>\n","protected":false},"excerpt":{"rendered":"<p>As metas e prioridades da administra\u00e7\u00e3o p\u00fablica em 2024 foram apresentadas pelo secret\u00e1rio de Planejamento da cidade, Wagner Mota, nesta quinta-feira (22), na C\u00e2mara Municipal de Maca\u00e9. Na sequ\u00eancia, parlamentares e popula\u00e7\u00e3o encaminharam perguntas e pedidos aos representantes do Executivo. A audi\u00eancia p\u00fablica sobre o tema antecede o debate e vota\u00e7\u00e3o parlamentar sobre a Lei [&hellip;]<\/p>\n","protected":false},"author":2,"featured_media":8841,"comment_status":"open","ping_status":"open","sticky":false,"template":"","format":"standard","meta":{"footnotes":""},"categories":[2],"tags":[],"class_list":["post-8840","post","type-post","status-publish","format-standard","has-post-thumbnail","hentry","category-macae"],"_links":{"self":[{"href":"https:\/\/blogdodanielgalvao.com.br\/site\/wp-json\/wp\/v2\/posts\/8840","targetHints":{"allow":["GET"]}}],"collection":[{"href":"https:\/\/blogdodanielgalvao.com.br\/site\/wp-json\/wp\/v2\/posts"}],"about":[{"href":"https:\/\/blogdodanielgalvao.com.br\/site\/wp-json\/wp\/v2\/types\/post"}],"author":[{"embeddable":true,"href":"https:\/\/blogdodanielgalvao.com.br\/site\/wp-json\/wp\/v2\/users\/2"}],"replies":[{"embeddable":true,"href":"https:\/\/blogdodanielgalvao.com.br\/site\/wp-json\/wp\/v2\/comments?post=8840"}],"version-history":[{"count":1,"href":"https:\/\/blogdodanielgalvao.com.br\/site\/wp-json\/wp\/v2\/posts\/8840\/revisions"}],"predecessor-version":[{"id":8842,"href":"https:\/\/blogdodanielgalvao.com.br\/site\/wp-json\/wp\/v2\/posts\/8840\/revisions\/8842"}],"wp:featuredmedia":[{"embeddable":true,"href":"https:\/\/blogdodanielgalvao.com.br\/site\/wp-json\/wp\/v2\/media\/8841"}],"wp:attachment":[{"href":"https:\/\/blogdodanielgalvao.com.br\/site\/wp-json\/wp\/v2\/media?parent=8840"}],"wp:term":[{"taxonomy":"category","embeddable":true,"href":"https:\/\/blogdodanielgalvao.com.br\/site\/wp-json\/wp\/v2\/categories?post=8840"},{"taxonomy":"post_tag","embeddable":true,"href":"https:\/\/blogdodanielgalvao.com.br\/site\/wp-json\/wp\/v2\/tags?post=8840"}],"curies":[{"name":"wp","href":"https:\/\/api.w.org\/{rel}","templated":true}]}}