{"id":8834,"date":"2023-06-26T14:17:30","date_gmt":"2023-06-26T17:17:30","guid":{"rendered":"http:\/\/blogdodanielgalvao.com.br\/site\/?p=8834"},"modified":"2023-06-26T14:17:30","modified_gmt":"2023-06-26T17:17:30","slug":"em-brasilia-claudio-castro-reforca-apoio-a-reforma-tributaria-e-defende-a-criacao-de-um-fundo-de-desenvolvimento","status":"publish","type":"post","link":"https:\/\/blogdodanielgalvao.com.br\/site\/em-brasilia-claudio-castro-reforca-apoio-a-reforma-tributaria-e-defende-a-criacao-de-um-fundo-de-desenvolvimento\/","title":{"rendered":"Em Bras\u00edlia, Cl\u00e1udio Castro refor\u00e7a apoio \u00e0 reforma tribut\u00e1ria e defende a cria\u00e7\u00e3o de um fundo de desenvolvimento"},"content":{"rendered":"<p><big>Em reuni\u00e3o com o presidente da C\u00e2mara dos Deputados, Arthur Lira, e outros 14 chefes de Estado, o governador Cl\u00e1udio Castro refor\u00e7ou o apoio \u00e0 reforma tribut\u00e1ria e defendeu a cria\u00e7\u00e3o do Fundo de Desenvolvimento Regional. O encontro aconteceu nesta quinta-feira (22\/06), em Bras\u00edlia.<\/big><\/p>\n<p><big>\u00a0<\/big><\/p>\n<p><big>Segundo Castro, o Fundo de Desenvolvimento \u00e9 uma forma de compensar os estados pelo fim de benef\u00edcios fiscais, reduzindo as desigualdades entre as regi\u00f5es do pa\u00eds e estimulando o crescimento socioecon\u00f4mico, al\u00e9m da gera\u00e7\u00e3o de emprego e renda.<\/big><\/p>\n<p><big>\u00a0<\/big><\/p>\n<p><big>-Precisamos pensar em um Brasil que cres\u00e7a junto. N\u00e3o \u00e9 porque o Rio \u00e9 o estado que mais contribui, representando 20% do PIB nacional, que n\u00e3o olho por uma l\u00f3gica federativa. Apoio a reforma, porque o modelo de hoje est\u00e1 levando o pa\u00eds ao buraco. Mas tenho as minhas inquietudes, porque preciso entender a conta do m\u00eas seguinte, que tem que ser paga para n\u00e3o prejudicar a popula\u00e7\u00e3o &#8211; destacou o governador.<\/big><\/p>\n<p><big>\u00a0<\/big><\/p>\n<p><big>Na semana passada, o relator da reforma, deputado Aguinaldo Ribeiro, apresentou as diretrizes aprovadas pelo grupo de trabalho parlamentar. E no caf\u00e9 da manh\u00e3, o presidente da C\u00e2mara, Arthur Lira, refor\u00e7ou o compromisso de pautar a reforma no plen\u00e1rio no in\u00edcio de julho, para que o Senado a aprove at\u00e9 o fim do ano.<\/big><\/p>\n<p><big>\u00a0<\/big><\/p>\n<p><big>&#8211; S\u00f3 pod\u00edamos entregar o texto da reforma depois de debater com os governadores, ouvir sugest\u00f5es e preocupa\u00e7\u00f5es. Vamos avaliar e discutir tamb\u00e9m ao longo das pr\u00f3ximas semanas para que haja simplifica\u00e7\u00e3o, menos burocracia e seguran\u00e7a jur\u00eddica &#8211; afirmou Lira.<\/big><\/p>\n<p><big>\u00a0<\/big><\/p>\n<p><big><strong>Reforma<\/strong><\/big><\/p>\n<p><big>Na primeira fase, a reforma vai alterar o modelo de cobran\u00e7a sobre o consumo. A previs\u00e3o \u00e9 que os atuais tributos (PIS, Cofins, ICMS e ISS) sejam substitu\u00eddos pelo IVA (Imposto sobre Valor Agregado) dual, sobre impostos federais e estaduais. O IVA seria cobrado no destino, ou seja, no local onde os produtos s\u00e3o consumidos, e n\u00e3o mais onde eles s\u00e3o produzidos.<\/big><\/p>\n","protected":false},"excerpt":{"rendered":"<p>Em reuni\u00e3o com o presidente da C\u00e2mara dos Deputados, Arthur Lira, e outros 14 chefes de Estado, o governador Cl\u00e1udio Castro refor\u00e7ou o apoio \u00e0 reforma tribut\u00e1ria e defendeu a cria\u00e7\u00e3o do Fundo de Desenvolvimento Regional. O encontro aconteceu nesta quinta-feira (22\/06), em Bras\u00edlia. \u00a0 Segundo Castro, o Fundo de Desenvolvimento \u00e9 uma forma de [&hellip;]<\/p>\n","protected":false},"author":2,"featured_media":8835,"comment_status":"open","ping_status":"open","sticky":false,"template":"","format":"standard","meta":{"footnotes":""},"categories":[304],"tags":[],"class_list":["post-8834","post","type-post","status-publish","format-standard","has-post-thumbnail","hentry","category-rio-de-janeiro"],"_links":{"self":[{"href":"https:\/\/blogdodanielgalvao.com.br\/site\/wp-json\/wp\/v2\/posts\/8834","targetHints":{"allow":["GET"]}}],"collection":[{"href":"https:\/\/blogdodanielgalvao.com.br\/site\/wp-json\/wp\/v2\/posts"}],"about":[{"href":"https:\/\/blogdodanielgalvao.com.br\/site\/wp-json\/wp\/v2\/types\/post"}],"author":[{"embeddable":true,"href":"https:\/\/blogdodanielgalvao.com.br\/site\/wp-json\/wp\/v2\/users\/2"}],"replies":[{"embeddable":true,"href":"https:\/\/blogdodanielgalvao.com.br\/site\/wp-json\/wp\/v2\/comments?post=8834"}],"version-history":[{"count":1,"href":"https:\/\/blogdodanielgalvao.com.br\/site\/wp-json\/wp\/v2\/posts\/8834\/revisions"}],"predecessor-version":[{"id":8836,"href":"https:\/\/blogdodanielgalvao.com.br\/site\/wp-json\/wp\/v2\/posts\/8834\/revisions\/8836"}],"wp:featuredmedia":[{"embeddable":true,"href":"https:\/\/blogdodanielgalvao.com.br\/site\/wp-json\/wp\/v2\/media\/8835"}],"wp:attachment":[{"href":"https:\/\/blogdodanielgalvao.com.br\/site\/wp-json\/wp\/v2\/media?parent=8834"}],"wp:term":[{"taxonomy":"category","embeddable":true,"href":"https:\/\/blogdodanielgalvao.com.br\/site\/wp-json\/wp\/v2\/categories?post=8834"},{"taxonomy":"post_tag","embeddable":true,"href":"https:\/\/blogdodanielgalvao.com.br\/site\/wp-json\/wp\/v2\/tags?post=8834"}],"curies":[{"name":"wp","href":"https:\/\/api.w.org\/{rel}","templated":true}]}}