{"id":8830,"date":"2023-06-24T18:53:31","date_gmt":"2023-06-24T21:53:31","guid":{"rendered":"http:\/\/blogdodanielgalvao.com.br\/site\/?p=8830"},"modified":"2023-06-24T18:53:31","modified_gmt":"2023-06-24T21:53:31","slug":"macae-na-rota-dos-grandes-investimentos","status":"publish","type":"post","link":"https:\/\/blogdodanielgalvao.com.br\/site\/macae-na-rota-dos-grandes-investimentos\/","title":{"rendered":"Maca\u00e9 na rota dos grandes investimentos"},"content":{"rendered":"<p>A inaugura\u00e7\u00e3o do novo hospital da Unimed neste s\u00e1bado (24) marca o momento econ\u00f4mico vivido por Maca\u00e9. O munic\u00edpio tem estado na rota de grandes investimentos n\u00e3o s\u00f3 na \u00e1rea da sa\u00fade, como do varejo, constru\u00e7\u00e3o civil e petr\u00f3leo e g\u00e1s. O prefeito Welberth Rezende esteve na cerim\u00f4nia e destacou o compromisso do governo municipal em atuar para que a cidade consolide o seu protagonismo na atra\u00e7\u00e3o de neg\u00f3cios e no desenvolvimento socioecon\u00f4mico.<\/p>\n<p>O novo hospital da Unimed, localizado no bairro da Gl\u00f3ria, \u00e9 o maior privado da regi\u00e3o Norte Fluminense. A unidade tem capacidade para realizar 15 mil atendimentos, 1.200 interna\u00e7\u00f5es e 1.500 cirurgias mensais. O prefeito falou da import\u00e2ncia do hospital que h\u00e1 34 anos atua na sa\u00fade suplementar do munic\u00edpio.<\/p>\n<p>\u201cEstamos trabalhando para transformar essa cidade. Maca\u00e9 se prepara para um novo ciclo, um novo momento de desenvolvimento e \u00e9 com prazer que participamos dessa hist\u00f3ria que est\u00e1 sendo constru\u00edda, dando boas-vindas a esse empreendimento que \u00e9 parceiro do governo municipal e que chega complementando, com alt\u00edssima qualidade o servi\u00e7o de sa\u00fade oferecido no munic\u00edpio\u201d, apontou ao citar outros investimentos previstos para os pr\u00f3ximos anos por empresas ligadas ao setor de \u00f3leo e g\u00e1s.<\/p>\n<p>Alexandre Cruz, secret\u00e1rio municipal de Sa\u00fade, ressaltou: \u201cSabemos que este investimento \u00e9 voltado ao cuidado, ao acolhimento do paciente, e, al\u00e9m disso, traz a gera\u00e7\u00e3o de empregos e contribui\u00e7\u00f5es para o desenvolvimento econ\u00f4mico. Continuaremos atuando juntos para fazer da sa\u00fade de Maca\u00e9 uma refer\u00eancia no humanizado\u201d, afirmou.<\/p>\n<p>O presidente da Unimed Costa do Sol, Thales Azevedo dos Santos, aproveitou a oportunidade para prestar homenagens aos profissionais que atuaram na linha de frente durante a pandemia do Coronav\u00edrus. \u201cEles foram os nossos her\u00f3is nessa guerra, arriscando a pr\u00f3pria vida no cuidado do pr\u00f3ximo. Como m\u00e9dico, ajudei na funda\u00e7\u00e3o de nossa cooperativa em 1989 e, hoje, inauguramos este novo hospital com 20 mil metros quadrados de \u00e1rea constru\u00edda, fruto do compromisso e apoio dos nossos 498 cooperados e de todos nossos colaboradores\u201d, pontuou, informando que o atendimento na unidade est\u00e1 previsto para iniciar na primeira quinzena de julho.<\/p>\n","protected":false},"excerpt":{"rendered":"<p>A inaugura\u00e7\u00e3o do novo hospital da Unimed neste s\u00e1bado (24) marca o momento econ\u00f4mico vivido por Maca\u00e9. O munic\u00edpio tem estado na rota de grandes investimentos n\u00e3o s\u00f3 na \u00e1rea da sa\u00fade, como do varejo, constru\u00e7\u00e3o civil e petr\u00f3leo e g\u00e1s. O prefeito Welberth Rezende esteve na cerim\u00f4nia e destacou o compromisso do governo municipal [&hellip;]<\/p>\n","protected":false},"author":2,"featured_media":8831,"comment_status":"open","ping_status":"open","sticky":false,"template":"","format":"standard","meta":{"footnotes":""},"categories":[2],"tags":[],"class_list":["post-8830","post","type-post","status-publish","format-standard","has-post-thumbnail","hentry","category-macae"],"_links":{"self":[{"href":"https:\/\/blogdodanielgalvao.com.br\/site\/wp-json\/wp\/v2\/posts\/8830","targetHints":{"allow":["GET"]}}],"collection":[{"href":"https:\/\/blogdodanielgalvao.com.br\/site\/wp-json\/wp\/v2\/posts"}],"about":[{"href":"https:\/\/blogdodanielgalvao.com.br\/site\/wp-json\/wp\/v2\/types\/post"}],"author":[{"embeddable":true,"href":"https:\/\/blogdodanielgalvao.com.br\/site\/wp-json\/wp\/v2\/users\/2"}],"replies":[{"embeddable":true,"href":"https:\/\/blogdodanielgalvao.com.br\/site\/wp-json\/wp\/v2\/comments?post=8830"}],"version-history":[{"count":1,"href":"https:\/\/blogdodanielgalvao.com.br\/site\/wp-json\/wp\/v2\/posts\/8830\/revisions"}],"predecessor-version":[{"id":8832,"href":"https:\/\/blogdodanielgalvao.com.br\/site\/wp-json\/wp\/v2\/posts\/8830\/revisions\/8832"}],"wp:featuredmedia":[{"embeddable":true,"href":"https:\/\/blogdodanielgalvao.com.br\/site\/wp-json\/wp\/v2\/media\/8831"}],"wp:attachment":[{"href":"https:\/\/blogdodanielgalvao.com.br\/site\/wp-json\/wp\/v2\/media?parent=8830"}],"wp:term":[{"taxonomy":"category","embeddable":true,"href":"https:\/\/blogdodanielgalvao.com.br\/site\/wp-json\/wp\/v2\/categories?post=8830"},{"taxonomy":"post_tag","embeddable":true,"href":"https:\/\/blogdodanielgalvao.com.br\/site\/wp-json\/wp\/v2\/tags?post=8830"}],"curies":[{"name":"wp","href":"https:\/\/api.w.org\/{rel}","templated":true}]}}