{"id":8826,"date":"2023-06-23T08:50:22","date_gmt":"2023-06-23T11:50:22","guid":{"rendered":"http:\/\/blogdodanielgalvao.com.br\/site\/?p=8826"},"modified":"2023-06-23T08:51:12","modified_gmt":"2023-06-23T11:51:12","slug":"deputado-rodrigo-bacellar-ira-assumir-o-governo-do-rio-no-proximo-sabado","status":"publish","type":"post","link":"https:\/\/blogdodanielgalvao.com.br\/site\/deputado-rodrigo-bacellar-ira-assumir-o-governo-do-rio-no-proximo-sabado\/","title":{"rendered":"Deputado Rodrigo Bacellar ir\u00e1 assumir o governo do Rio no pr\u00f3ximo s\u00e1bado"},"content":{"rendered":"<p>A cidade de Campos dos Goytacazes ter\u00e1 um novo governador do Estado do Rio. Isso porque o Presidente da Assembleia Legislativa do Rio (ALERJ), deputado campista Rodrigo Bacellar, assumir\u00e1, de forma interina, o cargo no pr\u00f3ximo s\u00e1bado (24).<\/p>\n<p>O motivo \u00e9 a viagem de Cl\u00e1udio Castro para Lisboa, em Portugal, onde ir\u00e1 participar do F\u00f3rum Jur\u00eddico organizado pelo ministro do Supremo Tribunal Federal (STF), Gilmar Mendes. O vice-governador, Thiago Pampolha, j\u00e1 est\u00e1 no exterior, em roteiro com a fam\u00edlia, que j\u00e1 havia sido programado em 2022, muito antes da sua indica\u00e7\u00e3o para concorrer \u00e0 chapa majorit\u00e1ria.<\/p>\n<p>Rodrigo Bacellar ficar\u00e1 no cargo at\u00e9 o pr\u00f3ximo dia 28 de junho\u00a0(quarta-feira), quando Castro retorna do exterior. Ele ter\u00e1 uma agenda normal, mas visitar\u00e1 Campos na condi\u00e7\u00e3o de Chefe do Executivo.<\/p>\n<p>&nbsp;<\/p>\n","protected":false},"excerpt":{"rendered":"<p>A cidade de Campos dos Goytacazes ter\u00e1 um novo governador do Estado do Rio. Isso porque o Presidente da Assembleia Legislativa do Rio (ALERJ), deputado campista Rodrigo Bacellar, assumir\u00e1, de forma interina, o cargo no pr\u00f3ximo s\u00e1bado (24). O motivo \u00e9 a viagem de Cl\u00e1udio Castro para Lisboa, em Portugal, onde ir\u00e1 participar do F\u00f3rum [&hellip;]<\/p>\n","protected":false},"author":2,"featured_media":8827,"comment_status":"open","ping_status":"open","sticky":false,"template":"","format":"standard","meta":{"footnotes":""},"categories":[304],"tags":[],"class_list":["post-8826","post","type-post","status-publish","format-standard","has-post-thumbnail","hentry","category-rio-de-janeiro"],"_links":{"self":[{"href":"https:\/\/blogdodanielgalvao.com.br\/site\/wp-json\/wp\/v2\/posts\/8826","targetHints":{"allow":["GET"]}}],"collection":[{"href":"https:\/\/blogdodanielgalvao.com.br\/site\/wp-json\/wp\/v2\/posts"}],"about":[{"href":"https:\/\/blogdodanielgalvao.com.br\/site\/wp-json\/wp\/v2\/types\/post"}],"author":[{"embeddable":true,"href":"https:\/\/blogdodanielgalvao.com.br\/site\/wp-json\/wp\/v2\/users\/2"}],"replies":[{"embeddable":true,"href":"https:\/\/blogdodanielgalvao.com.br\/site\/wp-json\/wp\/v2\/comments?post=8826"}],"version-history":[{"count":1,"href":"https:\/\/blogdodanielgalvao.com.br\/site\/wp-json\/wp\/v2\/posts\/8826\/revisions"}],"predecessor-version":[{"id":8828,"href":"https:\/\/blogdodanielgalvao.com.br\/site\/wp-json\/wp\/v2\/posts\/8826\/revisions\/8828"}],"wp:featuredmedia":[{"embeddable":true,"href":"https:\/\/blogdodanielgalvao.com.br\/site\/wp-json\/wp\/v2\/media\/8827"}],"wp:attachment":[{"href":"https:\/\/blogdodanielgalvao.com.br\/site\/wp-json\/wp\/v2\/media?parent=8826"}],"wp:term":[{"taxonomy":"category","embeddable":true,"href":"https:\/\/blogdodanielgalvao.com.br\/site\/wp-json\/wp\/v2\/categories?post=8826"},{"taxonomy":"post_tag","embeddable":true,"href":"https:\/\/blogdodanielgalvao.com.br\/site\/wp-json\/wp\/v2\/tags?post=8826"}],"curies":[{"name":"wp","href":"https:\/\/api.w.org\/{rel}","templated":true}]}}