{"id":8820,"date":"2023-06-22T08:46:37","date_gmt":"2023-06-22T11:46:37","guid":{"rendered":"http:\/\/blogdodanielgalvao.com.br\/site\/?p=8820"},"modified":"2023-06-22T08:46:37","modified_gmt":"2023-06-22T11:46:37","slug":"apelo-por-mais-vagas-para-pcds-e-destaque-em-debate-na-camara","status":"publish","type":"post","link":"https:\/\/blogdodanielgalvao.com.br\/site\/apelo-por-mais-vagas-para-pcds-e-destaque-em-debate-na-camara\/","title":{"rendered":"Apelo por mais vagas para PcDs \u00e9 destaque em debate na C\u00e2mara"},"content":{"rendered":"<p>O requerimento de Professor Michel (Patriota), que acabou aprovado na C\u00e2mara de Maca\u00e9 nesta quarta-feira (21), era para redu\u00e7\u00e3o de carga hor\u00e1ria dos servidores diagnosticados com problemas especiais e severos de sa\u00fade. Mas o presidente Cesinha (Solidariedade) levou a discuss\u00e3o para a grande necessidade de espa\u00e7os destinados ao atendimento das Pessoas com Defici\u00eancia (PcDs).<\/p>\n<p>\u201cPara cada 30 pessoas nascidas hoje, uma \u00e9 autista\u201d. O presidente afirmou que a pauta \u00e9 sua prioridade. \u201cE n\u00f3s temos previs\u00e3o de investimentos da Petrobras da ordem de R$ 23 bilh\u00f5es no munic\u00edpio, atraindo grande n\u00famero de trabalhadores. Eles n\u00e3o vir\u00e3o sozinhos\u201d, afirmou Cesinha, considerando as fam\u00edlias dos futuros habitantes, muito provavelmente, com membros PcDs.<\/p>\n<p>Guto Garcia (PDT) disse que em 2018 e 2019, havia 300 alunos PcDs na rede municipal de ensino. \u201cHoje s\u00e3o quase 3 mil. A previs\u00e3o \u00e9 de 4.000 novos alunos ano que vem, sendo 400 com defici\u00eancias\u201d. O parlamentar alertou ainda para a urg\u00eancia da constru\u00e7\u00e3o de salas de aula e realiza\u00e7\u00e3o de concurso p\u00fablico. \u201cJ\u00e1 teremos esse problema em fevereiro de 2024\u201d.<\/p>\n<p>O l\u00edder do governo Luciano Diniz (Cidadania) informou que dever\u00e3o ser constru\u00eddas 11 novas escolas at\u00e9 o final do atual mandato. Ele disse que a comiss\u00e3o do concurso j\u00e1 est\u00e1 com os trabalhos avan\u00e7ados. E acrescentou que em breve a cidade contar\u00e1 com um centro de refer\u00eancia de atendimento para a \u00e1rea.<\/p>\n<p><strong>Carteira de identifica\u00e7\u00e3o para pessoas com TEA<\/strong><\/p>\n<p>Reginaldo do Hospital (Podemos) aproveitou para informar que a carteira de identifica\u00e7\u00e3o das Pessoas com Transtorno do Espectro Autista j\u00e1 pode ser obtida no\u00a0<a href=\"https:\/\/www.macae.rj.gov.br\/noticias\/leitura\/noticia\/emissao-da-carteira-de-identificacao-da-pessoa-com-transtorno-do-espectro-autista-esta-disponivel\">Hotel de Deus<\/a>, na Virgem Santa. Ele, Cesinha e Luciano fazem parte, com Iza Vicente (Rede), da Frente Parlamentar em Defesa da Pessoa com Defici\u00eancia.<\/p>\n","protected":false},"excerpt":{"rendered":"<p>O requerimento de Professor Michel (Patriota), que acabou aprovado na C\u00e2mara de Maca\u00e9 nesta quarta-feira (21), era para redu\u00e7\u00e3o de carga hor\u00e1ria dos servidores diagnosticados com problemas especiais e severos de sa\u00fade. Mas o presidente Cesinha (Solidariedade) levou a discuss\u00e3o para a grande necessidade de espa\u00e7os destinados ao atendimento das Pessoas com Defici\u00eancia (PcDs). \u201cPara [&hellip;]<\/p>\n","protected":false},"author":2,"featured_media":8821,"comment_status":"open","ping_status":"open","sticky":false,"template":"","format":"standard","meta":{"footnotes":""},"categories":[2],"tags":[],"class_list":["post-8820","post","type-post","status-publish","format-standard","has-post-thumbnail","hentry","category-macae"],"_links":{"self":[{"href":"https:\/\/blogdodanielgalvao.com.br\/site\/wp-json\/wp\/v2\/posts\/8820","targetHints":{"allow":["GET"]}}],"collection":[{"href":"https:\/\/blogdodanielgalvao.com.br\/site\/wp-json\/wp\/v2\/posts"}],"about":[{"href":"https:\/\/blogdodanielgalvao.com.br\/site\/wp-json\/wp\/v2\/types\/post"}],"author":[{"embeddable":true,"href":"https:\/\/blogdodanielgalvao.com.br\/site\/wp-json\/wp\/v2\/users\/2"}],"replies":[{"embeddable":true,"href":"https:\/\/blogdodanielgalvao.com.br\/site\/wp-json\/wp\/v2\/comments?post=8820"}],"version-history":[{"count":1,"href":"https:\/\/blogdodanielgalvao.com.br\/site\/wp-json\/wp\/v2\/posts\/8820\/revisions"}],"predecessor-version":[{"id":8822,"href":"https:\/\/blogdodanielgalvao.com.br\/site\/wp-json\/wp\/v2\/posts\/8820\/revisions\/8822"}],"wp:featuredmedia":[{"embeddable":true,"href":"https:\/\/blogdodanielgalvao.com.br\/site\/wp-json\/wp\/v2\/media\/8821"}],"wp:attachment":[{"href":"https:\/\/blogdodanielgalvao.com.br\/site\/wp-json\/wp\/v2\/media?parent=8820"}],"wp:term":[{"taxonomy":"category","embeddable":true,"href":"https:\/\/blogdodanielgalvao.com.br\/site\/wp-json\/wp\/v2\/categories?post=8820"},{"taxonomy":"post_tag","embeddable":true,"href":"https:\/\/blogdodanielgalvao.com.br\/site\/wp-json\/wp\/v2\/tags?post=8820"}],"curies":[{"name":"wp","href":"https:\/\/api.w.org\/{rel}","templated":true}]}}