{"id":8811,"date":"2023-06-19T08:22:53","date_gmt":"2023-06-19T11:22:53","guid":{"rendered":"http:\/\/blogdodanielgalvao.com.br\/site\/?p=8811"},"modified":"2023-06-19T08:22:53","modified_gmt":"2023-06-19T11:22:53","slug":"governador-participa-de-seminario-sobre-oportunidades-de-negocios-para-o-rio-de-janeiro","status":"publish","type":"post","link":"https:\/\/blogdodanielgalvao.com.br\/site\/governador-participa-de-seminario-sobre-oportunidades-de-negocios-para-o-rio-de-janeiro\/","title":{"rendered":"Governador participa de semin\u00e1rio sobre oportunidades de neg\u00f3cios para o Rio de Janeiro"},"content":{"rendered":"<p>A organiza\u00e7\u00e3o Esfera Brasil, em parceria com o Governo do Estado, realizou, nesta sexta-feira (16\/06) um workshop para apresentar as principais estrat\u00e9gias de neg\u00f3cios para o Rio de Janeiro. O encontro teve quatro pain\u00e9is com assuntos priorit\u00e1rios para o estado, como as oportunidades de investimentos, infraestrutura e habita\u00e7\u00e3o; e fronteiras energ\u00e9ticas.<\/p>\n<p>O governador Cl\u00e1udio Castro, que participou das rodadas sobre investimentos em habita\u00e7\u00e3o e infraestrutura e do encerramento, falou sobre a import\u00e2ncia de o Estado dar o suporte necess\u00e1rio aos empreendedores e aos cidad\u00e3os fluminenses, por meio da atividade econ\u00f4mica.<\/p>\n<p>&#8211; Nossa busca pelo emprego e pelo crescimento econ\u00f4mico \u00e9 intransigente. Para o estado alavancar, precisamos respeitar e dar condi\u00e7\u00f5es dignas aos empres\u00e1rios e aos trabalhadores, al\u00e9m de termos marcos regulat\u00f3rios claros, boa infraestrutura e empreendimento. Isso tudo gera justi\u00e7a social e o Governo do Estado j\u00e1 vem mudando essa situa\u00e7\u00e3o. No ano passado, alcan\u00e7amos o terceiro lugar no ranking nacional em abertura de novos neg\u00f3cios &#8211; destaca Cl\u00e1udio Castro, que tamb\u00e9m citou que o Rio de Janeiro \u00e9 o grande gerador de g\u00e1s e petr\u00f3leo do pa\u00eds.<\/p>\n<p>A quest\u00e3o das grandes concess\u00f5es no Brasil, que v\u00eam sofrendo ao longo dos anos com a falta de uma legisla\u00e7\u00e3o eficaz, foi outra demanda abordada no evento.<\/p>\n<p>&#8211; Hoje, o nosso pa\u00eds padece de concess\u00f5es. Nossa legisla\u00e7\u00e3o n\u00e3o \u00e9 clara, al\u00e9m das leis serem arcaicas. Precisamos criar um marco para que possamos ter uma seguran\u00e7a jur\u00eddica sobre o assunto. Esse \u00e9 um debate profundo que, na minha opini\u00e3o, deveria ser trazido mais \u00e0 frente &#8211; enfatiza Cl\u00e1udio Castro.<\/p>\n<p>O secret\u00e1rio de Estado da Casa Civil, Nicola Miccione, que participou do primeiro painel do semin\u00e1rio sobre as oportunidades de investimentos para o Rio de Janeiro falou sobre o processo de crescimento do estado.<\/p>\n<p>&#8211; O Rio oferece boas oportunidades para empresas e investidores. \u00c9 um novo momento do Estado, que oferece seguran\u00e7a para as empresas, previsibilidade e compromisso com a desburocratiza\u00e7\u00e3o. A prova disso \u00e9 que j\u00e1 estamos atraindo grandes aportes. A concess\u00e3o de saneamento por exemplo, feita durante a pandemia, trouxe grandes empresas que decidiram investir aqui. Pot\u00eancias do setor de saneamento que pagaram cerca de R$ 25 bilh\u00f5es em outorgas &#8211; cita Nicola.<\/p>\n<p>J\u00e1 no \u00faltimo painel, que tinha como t\u00edtulo &#8220;Rio de bra\u00e7os abertos&#8221;, Cl\u00e1udio Castro discursou sobre a retomada da seguran\u00e7a pol\u00edtica e judici\u00e1rio no estado.<\/p>\n<p>&#8211; O Rio de Janeiro passa por um processo de maturidade e de seguran\u00e7a pol\u00edtica e jur\u00eddica. Hoje, esse \u00e9 um diferencial do nosso estado, que vem atraindo novas empresas para c\u00e1. Tamb\u00e9m estamos investindo em novas tecnologias para as nossas for\u00e7as de seguran\u00e7a, como softwares e c\u00e2meras. Al\u00e9m de estarmos investindo em pessoas e em recursos materiais \u2013 acrescenta Castro.<\/p>\n<p>A cerim\u00f4nia, realizada no Copacabana Palace, contou com a presen\u00e7a dos ministros de Minas e Energia, Alexandre Silveira; das Cidades, Jader Filho, dos secret\u00e1rios de Estado de Energia e Economia do Mar do Rio, Hugo Leal, al\u00e9m do presidente da Alerj, Rodrigo Bacellar e do presidente do Tribunal de Justi\u00e7a do Rio de Janeiro, Ricardo Cardozo, entre outras autoridade e empres\u00e1rios.<\/p>\n","protected":false},"excerpt":{"rendered":"<p>A organiza\u00e7\u00e3o Esfera Brasil, em parceria com o Governo do Estado, realizou, nesta sexta-feira (16\/06) um workshop para apresentar as principais estrat\u00e9gias de neg\u00f3cios para o Rio de Janeiro. O encontro teve quatro pain\u00e9is com assuntos priorit\u00e1rios para o estado, como as oportunidades de investimentos, infraestrutura e habita\u00e7\u00e3o; e fronteiras energ\u00e9ticas. O governador Cl\u00e1udio Castro, [&hellip;]<\/p>\n","protected":false},"author":2,"featured_media":8812,"comment_status":"open","ping_status":"open","sticky":false,"template":"","format":"standard","meta":{"footnotes":""},"categories":[304],"tags":[],"class_list":["post-8811","post","type-post","status-publish","format-standard","has-post-thumbnail","hentry","category-rio-de-janeiro"],"_links":{"self":[{"href":"https:\/\/blogdodanielgalvao.com.br\/site\/wp-json\/wp\/v2\/posts\/8811","targetHints":{"allow":["GET"]}}],"collection":[{"href":"https:\/\/blogdodanielgalvao.com.br\/site\/wp-json\/wp\/v2\/posts"}],"about":[{"href":"https:\/\/blogdodanielgalvao.com.br\/site\/wp-json\/wp\/v2\/types\/post"}],"author":[{"embeddable":true,"href":"https:\/\/blogdodanielgalvao.com.br\/site\/wp-json\/wp\/v2\/users\/2"}],"replies":[{"embeddable":true,"href":"https:\/\/blogdodanielgalvao.com.br\/site\/wp-json\/wp\/v2\/comments?post=8811"}],"version-history":[{"count":1,"href":"https:\/\/blogdodanielgalvao.com.br\/site\/wp-json\/wp\/v2\/posts\/8811\/revisions"}],"predecessor-version":[{"id":8813,"href":"https:\/\/blogdodanielgalvao.com.br\/site\/wp-json\/wp\/v2\/posts\/8811\/revisions\/8813"}],"wp:featuredmedia":[{"embeddable":true,"href":"https:\/\/blogdodanielgalvao.com.br\/site\/wp-json\/wp\/v2\/media\/8812"}],"wp:attachment":[{"href":"https:\/\/blogdodanielgalvao.com.br\/site\/wp-json\/wp\/v2\/media?parent=8811"}],"wp:term":[{"taxonomy":"category","embeddable":true,"href":"https:\/\/blogdodanielgalvao.com.br\/site\/wp-json\/wp\/v2\/categories?post=8811"},{"taxonomy":"post_tag","embeddable":true,"href":"https:\/\/blogdodanielgalvao.com.br\/site\/wp-json\/wp\/v2\/tags?post=8811"}],"curies":[{"name":"wp","href":"https:\/\/api.w.org\/{rel}","templated":true}]}}