{"id":8800,"date":"2023-06-16T09:30:24","date_gmt":"2023-06-16T12:30:24","guid":{"rendered":"http:\/\/blogdodanielgalvao.com.br\/site\/?p=8800"},"modified":"2023-06-16T09:30:24","modified_gmt":"2023-06-16T12:30:24","slug":"macae-e-o-estado-fortalecem-estrategia-de-fomento-ao-ambiente-de-negocios-local","status":"publish","type":"post","link":"https:\/\/blogdodanielgalvao.com.br\/site\/macae-e-o-estado-fortalecem-estrategia-de-fomento-ao-ambiente-de-negocios-local\/","title":{"rendered":"Maca\u00e9 e o Estado fortalecem estrat\u00e9gia de fomento ao ambiente de neg\u00f3cios local"},"content":{"rendered":"<p>Maca\u00e9 agora conta com um n\u00facleo avan\u00e7ado do governo do Estado, respons\u00e1vel por mapear o potencial de novos investimentos capazes de alavancar neg\u00f3cios voltados ao mercado do petr\u00f3leo, g\u00e1s e energia, al\u00e9m das atividades que atendem a cadeia produtiva offshore.<\/p>\n<p>Este trabalho ser\u00e1 realizado pelo n\u00facleo da Secretaria Estadual de Energia e Economia do Mar, que passa a realizar atendimentos na sala 205 da sede da Associa\u00e7\u00e3o Comercial e Industrial de Maca\u00e9 (ACIM). O espa\u00e7o foi inaugurado nesta quarta-feira (14) com a participa\u00e7\u00e3o do prefeito Welberth Rezende.<\/p>\n<blockquote>\n<div>\u201cPriorizamos parcerias para promover as discuss\u00f5es e iniciativas necess\u00e1rias para promover desenvolvimento e gerar empregos. O governo do Estado e as institui\u00e7\u00f5es empresariais como a ACIM s\u00e3o essenciais na constru\u00e7\u00e3o deste novo caminho de investimentos que nos permite promover qualidade de vida para a popula\u00e7\u00e3o\u201d, afirmou o prefeito.<\/div>\n<\/blockquote>\n<p>Atrav\u00e9s da parceria com a prefeitura e a ACIM, o n\u00facleo avan\u00e7ado do Estado passa a representar tamb\u00e9m a sinergia promovida entre o poder p\u00fablico e a iniciativa privada, que juntas superam desafios e tornam Maca\u00e9 refer\u00eancia em gera\u00e7\u00e3o de empregos e a consolida\u00e7\u00e3o de novos neg\u00f3cios.<\/p>\n<blockquote>\n<div>\u201cO compromisso da ACIM \u00e9 participar das iniciativas que promovam o crescimento da cidade e atendam de forma direta os neg\u00f3cios gerados por nossos associados. Esse \u00e9 o trabalho que representa os 107 anos da nossa institui\u00e7\u00e3o dedicados a contribuir com o desenvolvimento econ\u00f4mico, social e sustent\u00e1vel de Maca\u00e9\u201d, ressaltou o presidente da ACIM, Frederico Barreto.<\/div>\n<\/blockquote>\n<p>O n\u00facleo da Secretaria Estadual de Energia e Economia do Mar em Maca\u00e9 promover\u00e1 junto \u00e0 Secretaria Municipal de Desenvolvimento Econ\u00f4mico o mapeamento de oportunidades que favore\u00e7am o ambiente de neg\u00f3cios local e regional.<\/p>\n<blockquote>\n<div>\u201cEstar em Maca\u00e9 \u00e9 participar desde ambiente f\u00e9rtil de neg\u00f3cios e de investimentos em segmentos que acompanham a evolu\u00e7\u00e3o do mercado do petr\u00f3leo. Acrescemos ao governo municipal e a ACIM a parceria que nos permite contribuir com todo esse potencial que o munic\u00edpio oferece para todas as atividades ligadas a economia do mar\u201d, apontou Hugo Leal, Secret\u00e1rio Estadual de Energia e Economia do Mar.<\/div>\n<\/blockquote>\n<p>O evento refor\u00e7ou a parceria entre a prefeitura e o Estado na constru\u00e7\u00e3o de pol\u00edticas p\u00fablicas de apoio e incentivo ao ambiente de neg\u00f3cios de Maca\u00e9, considerado como o principal da regi\u00e3o que participa da cadeia produtiva de \u00f3leo, g\u00e1s e energia.<\/p>\n<blockquote>\n<div>\u201cA presen\u00e7a do Estado em Maca\u00e9 representa o nosso comprometimento em participar desta nova din\u00e2mica econ\u00f4mica da cidade que impulsiona o desenvolvimento de toda a regi\u00e3o\u201d, pontuou Vin\u00edcius Farah, Secret\u00e1rio Estadual de Desenvolvimento Econ\u00f4mico, Ind\u00fastria, Com\u00e9rcio e Servi\u00e7os.<\/div>\n<\/blockquote>\n<p>A cerim\u00f4nia tamb\u00e9m foi acompanhada pelos Secret\u00e1rios municipais de Desenvolvimento Econ\u00f4mico, Rodrigo Vianna, Pol\u00edticas Energ\u00e9ticas, Tiago Rocha, Ambiente, Isaura Sales e de Governo, Juninho Luna.<\/p>\n","protected":false},"excerpt":{"rendered":"<p>Maca\u00e9 agora conta com um n\u00facleo avan\u00e7ado do governo do Estado, respons\u00e1vel por mapear o potencial de novos investimentos capazes de alavancar neg\u00f3cios voltados ao mercado do petr\u00f3leo, g\u00e1s e energia, al\u00e9m das atividades que atendem a cadeia produtiva offshore. Este trabalho ser\u00e1 realizado pelo n\u00facleo da Secretaria Estadual de Energia e Economia do Mar, [&hellip;]<\/p>\n","protected":false},"author":2,"featured_media":8801,"comment_status":"open","ping_status":"open","sticky":false,"template":"","format":"standard","meta":{"footnotes":""},"categories":[2],"tags":[],"class_list":["post-8800","post","type-post","status-publish","format-standard","has-post-thumbnail","hentry","category-macae"],"_links":{"self":[{"href":"https:\/\/blogdodanielgalvao.com.br\/site\/wp-json\/wp\/v2\/posts\/8800","targetHints":{"allow":["GET"]}}],"collection":[{"href":"https:\/\/blogdodanielgalvao.com.br\/site\/wp-json\/wp\/v2\/posts"}],"about":[{"href":"https:\/\/blogdodanielgalvao.com.br\/site\/wp-json\/wp\/v2\/types\/post"}],"author":[{"embeddable":true,"href":"https:\/\/blogdodanielgalvao.com.br\/site\/wp-json\/wp\/v2\/users\/2"}],"replies":[{"embeddable":true,"href":"https:\/\/blogdodanielgalvao.com.br\/site\/wp-json\/wp\/v2\/comments?post=8800"}],"version-history":[{"count":1,"href":"https:\/\/blogdodanielgalvao.com.br\/site\/wp-json\/wp\/v2\/posts\/8800\/revisions"}],"predecessor-version":[{"id":8802,"href":"https:\/\/blogdodanielgalvao.com.br\/site\/wp-json\/wp\/v2\/posts\/8800\/revisions\/8802"}],"wp:featuredmedia":[{"embeddable":true,"href":"https:\/\/blogdodanielgalvao.com.br\/site\/wp-json\/wp\/v2\/media\/8801"}],"wp:attachment":[{"href":"https:\/\/blogdodanielgalvao.com.br\/site\/wp-json\/wp\/v2\/media?parent=8800"}],"wp:term":[{"taxonomy":"category","embeddable":true,"href":"https:\/\/blogdodanielgalvao.com.br\/site\/wp-json\/wp\/v2\/categories?post=8800"},{"taxonomy":"post_tag","embeddable":true,"href":"https:\/\/blogdodanielgalvao.com.br\/site\/wp-json\/wp\/v2\/tags?post=8800"}],"curies":[{"name":"wp","href":"https:\/\/api.w.org\/{rel}","templated":true}]}}