{"id":8791,"date":"2023-06-14T20:53:44","date_gmt":"2023-06-14T23:53:44","guid":{"rendered":"http:\/\/blogdodanielgalvao.com.br\/site\/?p=8791"},"modified":"2023-06-15T09:54:45","modified_gmt":"2023-06-15T12:54:45","slug":"macae-com-uma-das-maiores-medias-salariais-do-regiao-professores-fazem-greve-ilegal-e-prejudicam-milhares-de-alunos","status":"publish","type":"post","link":"https:\/\/blogdodanielgalvao.com.br\/site\/macae-com-uma-das-maiores-medias-salariais-do-regiao-professores-fazem-greve-ilegal-e-prejudicam-milhares-de-alunos\/","title":{"rendered":"Maca\u00e9: com uma das maiores m\u00e9dias salariais do regi\u00e3o, professores fazem greve ilegal e prejudicam milhares de alunos"},"content":{"rendered":"<p class=\"p1\"><span class=\"s1\">Imagine voc\u00ea receber 11% de reajuste salarial nos \u00faltimos dois anos &#8211; acima da infla\u00e7\u00e3o do per\u00edodo &#8211; e, s\u00f3 em 2022, ser beneficiado com mais de R$ 5 mil em bonifica\u00e7\u00f5es pagas pela empresa onde trabalha? Nada mal, n\u00e9?! Isso sem contar R$2 mil extras em 2023\u2026<\/span><\/p>\n<p class=\"p1\"><span class=\"s1\">Mas, para um grupo de professores do munic\u00edpio, isso tudo parece n\u00e3o ser suficiente ainda. A greve, deflagrada esta semana e considerada ilegal pela Justi\u00e7a, reivindica (pasmem) 47% de aumento salarial. <\/span><\/p>\n<p class=\"p1\"><span class=\"s1\">Nem mesmo o fato da m\u00e9dia salarial paga pela Prefeitura ser uma das mais altas da Regi\u00e3o e do Estado aos professores, foi capaz de sensibilizar a categoria de que uma greve, ap\u00f3s dois anos de pandemia, prejudicaria diretamente aos alunos.<\/span><\/p>\n<p>Al\u00e9m disso, vale lembrar que ao longo de 8 anos do Governo Dr. Aluizio o funcionalismo &#8211; incluindo os professores &#8211; n\u00e3o receberam qualquer reajuste salarial e perderam completamente a possibilidade de di\u00e1logo na \u00e9poca<\/p>\n<p class=\"p1\"><span class=\"s1\">Agora, orquestrada por um Sindicato que pouco contribui com os avan\u00e7os do funcionalismo do munic\u00edpio, a greve tamb\u00e9m prejudica aos pais dos alunos. Isso porque, sem ter com quem deixar as crian\u00e7as para trabalhar, muitos deles s\u00e3o obrigado a perderem dias de trabalho.<br \/>\n<\/span><\/p>\n<p class=\"p1\">Ou seja: \u00e9 um festival de equ\u00edvocos.<\/p>\n","protected":false},"excerpt":{"rendered":"<p>Imagine voc\u00ea receber 11% de reajuste salarial nos \u00faltimos dois anos &#8211; acima da infla\u00e7\u00e3o do per\u00edodo &#8211; e, s\u00f3 em 2022, ser beneficiado com mais de R$ 5 mil em bonifica\u00e7\u00f5es pagas pela empresa onde trabalha? Nada mal, n\u00e9?! Isso sem contar R$2 mil extras em 2023\u2026 Mas, para um grupo de professores do [&hellip;]<\/p>\n","protected":false},"author":2,"featured_media":8792,"comment_status":"open","ping_status":"open","sticky":false,"template":"","format":"standard","meta":{"footnotes":""},"categories":[2],"tags":[360,526,1600],"class_list":["post-8791","post","type-post","status-publish","format-standard","has-post-thumbnail","hentry","category-macae","tag-greve","tag-professores","tag-sepe"],"_links":{"self":[{"href":"https:\/\/blogdodanielgalvao.com.br\/site\/wp-json\/wp\/v2\/posts\/8791","targetHints":{"allow":["GET"]}}],"collection":[{"href":"https:\/\/blogdodanielgalvao.com.br\/site\/wp-json\/wp\/v2\/posts"}],"about":[{"href":"https:\/\/blogdodanielgalvao.com.br\/site\/wp-json\/wp\/v2\/types\/post"}],"author":[{"embeddable":true,"href":"https:\/\/blogdodanielgalvao.com.br\/site\/wp-json\/wp\/v2\/users\/2"}],"replies":[{"embeddable":true,"href":"https:\/\/blogdodanielgalvao.com.br\/site\/wp-json\/wp\/v2\/comments?post=8791"}],"version-history":[{"count":4,"href":"https:\/\/blogdodanielgalvao.com.br\/site\/wp-json\/wp\/v2\/posts\/8791\/revisions"}],"predecessor-version":[{"id":8796,"href":"https:\/\/blogdodanielgalvao.com.br\/site\/wp-json\/wp\/v2\/posts\/8791\/revisions\/8796"}],"wp:featuredmedia":[{"embeddable":true,"href":"https:\/\/blogdodanielgalvao.com.br\/site\/wp-json\/wp\/v2\/media\/8792"}],"wp:attachment":[{"href":"https:\/\/blogdodanielgalvao.com.br\/site\/wp-json\/wp\/v2\/media?parent=8791"}],"wp:term":[{"taxonomy":"category","embeddable":true,"href":"https:\/\/blogdodanielgalvao.com.br\/site\/wp-json\/wp\/v2\/categories?post=8791"},{"taxonomy":"post_tag","embeddable":true,"href":"https:\/\/blogdodanielgalvao.com.br\/site\/wp-json\/wp\/v2\/tags?post=8791"}],"curies":[{"name":"wp","href":"https:\/\/api.w.org\/{rel}","templated":true}]}}