{"id":8784,"date":"2023-06-13T10:04:05","date_gmt":"2023-06-13T13:04:05","guid":{"rendered":"http:\/\/blogdodanielgalvao.com.br\/site\/?p=8784"},"modified":"2023-06-13T10:04:05","modified_gmt":"2023-06-13T13:04:05","slug":"rio-negocia-gestao-compartilhada-de-aeroportos-santos-dumont-e-galeao","status":"publish","type":"post","link":"https:\/\/blogdodanielgalvao.com.br\/site\/rio-negocia-gestao-compartilhada-de-aeroportos-santos-dumont-e-galeao\/","title":{"rendered":"Rio negocia gest\u00e3o compartilhada de aeroportos Santos Dumont e Gale\u00e3o"},"content":{"rendered":"<p>Em reuni\u00e3o com o presidente Luiz In\u00e1cio Lula da Silva, nessa segunda-feira (12), o governador do estado do Rio, Cl\u00e1udio Castro, conversou sobre uma gest\u00e3o compartilhada dos aeroportos Santos Dumont (dom\u00e9stico) e Gale\u00e3o (internacional). A administra\u00e7\u00e3o dos dois terminais a\u00e9reos seria feita em parceria entre Uni\u00e3o, estado e prefeitura do Rio.\u00a0<img decoding=\"async\" src=\"https:\/\/agenciabrasil.ebc.com.br\/ebc.png?id=1537814&amp;o=node\" \/><img decoding=\"async\" src=\"https:\/\/agenciabrasil.ebc.com.br\/ebc.gif?id=1537814&amp;o=node\" \/><\/p>\n<p>Segundo nota divulgada pelo governo do estado, a proposta teria partido do ministro da Casa Civil, Rui Costa. \u201cO presidente gostou muito da ideia de uma gest\u00e3o compartilhada para que, assim, a gente possa encontrar uma solu\u00e7\u00e3o definitiva. Ainda ser\u00e1 visto qual modelo de neg\u00f3cio ser\u00e1 feito para se realizar essa gest\u00e3o com responsabilidade\u201d, disse Castro, por meio de nota.<\/p>\n<p>A situa\u00e7\u00e3o dos dois aeroportos tem sido discutida h\u00e1 alguns meses. Governo do Rio e prefeitura criticam o fato de que o Aeroporto Santos Dumont &#8211; administrado pela Uni\u00e3o atrav\u00e9s da Infraero &#8211; aumentou muito o n\u00famero de voos.<\/p>\n<p>Isso provocou um esvaziamento do Aeroporto Internacional Tom Jobim\/Gale\u00e3o, administrado pela concession\u00e1ria Changi, de Cingapura.<\/p>\n<p>Estado e prefeitura pedem remanejamento de voos do Santos Dumont para o Gale\u00e3o, j\u00e1 que, com menos liga\u00e7\u00f5es dom\u00e9sticas passando pelo Gale\u00e3o, o aeroporto internacional n\u00e3o apenas tem seu tr\u00e1fego de passageiros diminu\u00eddo como tamb\u00e9m tem reduzida sua capacidade de funcionar como um\u00a0<em>hub<\/em>\u00a0(ponto de conex\u00e3o a\u00e9rea) para voos internacionais.<\/p>\n<p>A situa\u00e7\u00e3o da concess\u00e3o do aeroporto Tom Jobim\/Gale\u00e3o est\u00e1 sendo avaliada pelo governo federal.<\/p>\n<h2>Outros assuntos<\/h2>\n<p>O governador tamb\u00e9m aproveitou a reuni\u00e3o com o presidente para tratar da situa\u00e7\u00e3o dos campos de petr\u00f3leo de Tupi e Cernambi, na Bacia de Santos. O Rio defende a unitiza\u00e7\u00e3o dos dois campos (quando se reconhece que o reservat\u00f3rio que abastece os dois campos \u00e9 o mesmo), o que beneficiaria o estado.<\/p>\n<p>A Ag\u00eancia Nacional do Petr\u00f3leo, G\u00e1s Natural e Biocombust\u00edveis (ANP) entende que os dois campos s\u00e3o um s\u00f3, enquanto a Petrobras defende que sejam reconhecidos como dois campos separados.<\/p>\n<p>Na disputa, segundo o governo do Rio, haveria R$ 4 bilh\u00f5es em dep\u00f3sitos judiciais feitos pela Petrobras, os quais o estado gostaria de receber.<\/p>\n<p>\u201cEm outras \u00e9pocas da hist\u00f3ria o governo federal j\u00e1 havia liberado esse recurso e eu pedi que novamente fosse liberado. O presidente falou que vai avaliar se h\u00e1 condi\u00e7\u00e3o de fazer essa libera\u00e7\u00e3o e demonstrou boa vontade\u201d, disse Castro, na nota divulgada pelo governo do estado.<\/p>\n<p>O governador tamb\u00e9m prop\u00f4s a estadualiza\u00e7\u00e3o do Hospital Federal da Lagoa, a fim de que possa transform\u00e1-lo em um grande centro de tratamento oncol\u00f3gico para desafogar o Instituto Nacional de C\u00e2ncer (Inca).<\/p>\n<p>&nbsp;<\/p>\n","protected":false},"excerpt":{"rendered":"<p>Em reuni\u00e3o com o presidente Luiz In\u00e1cio Lula da Silva, nessa segunda-feira (12), o governador do estado do Rio, Cl\u00e1udio Castro, conversou sobre uma gest\u00e3o compartilhada dos aeroportos Santos Dumont (dom\u00e9stico) e Gale\u00e3o (internacional). A administra\u00e7\u00e3o dos dois terminais a\u00e9reos seria feita em parceria entre Uni\u00e3o, estado e prefeitura do Rio.\u00a0 Segundo nota divulgada pelo [&hellip;]<\/p>\n","protected":false},"author":2,"featured_media":8785,"comment_status":"open","ping_status":"open","sticky":false,"template":"","format":"standard","meta":{"footnotes":""},"categories":[304],"tags":[],"class_list":["post-8784","post","type-post","status-publish","format-standard","has-post-thumbnail","hentry","category-rio-de-janeiro"],"_links":{"self":[{"href":"https:\/\/blogdodanielgalvao.com.br\/site\/wp-json\/wp\/v2\/posts\/8784","targetHints":{"allow":["GET"]}}],"collection":[{"href":"https:\/\/blogdodanielgalvao.com.br\/site\/wp-json\/wp\/v2\/posts"}],"about":[{"href":"https:\/\/blogdodanielgalvao.com.br\/site\/wp-json\/wp\/v2\/types\/post"}],"author":[{"embeddable":true,"href":"https:\/\/blogdodanielgalvao.com.br\/site\/wp-json\/wp\/v2\/users\/2"}],"replies":[{"embeddable":true,"href":"https:\/\/blogdodanielgalvao.com.br\/site\/wp-json\/wp\/v2\/comments?post=8784"}],"version-history":[{"count":1,"href":"https:\/\/blogdodanielgalvao.com.br\/site\/wp-json\/wp\/v2\/posts\/8784\/revisions"}],"predecessor-version":[{"id":8786,"href":"https:\/\/blogdodanielgalvao.com.br\/site\/wp-json\/wp\/v2\/posts\/8784\/revisions\/8786"}],"wp:featuredmedia":[{"embeddable":true,"href":"https:\/\/blogdodanielgalvao.com.br\/site\/wp-json\/wp\/v2\/media\/8785"}],"wp:attachment":[{"href":"https:\/\/blogdodanielgalvao.com.br\/site\/wp-json\/wp\/v2\/media?parent=8784"}],"wp:term":[{"taxonomy":"category","embeddable":true,"href":"https:\/\/blogdodanielgalvao.com.br\/site\/wp-json\/wp\/v2\/categories?post=8784"},{"taxonomy":"post_tag","embeddable":true,"href":"https:\/\/blogdodanielgalvao.com.br\/site\/wp-json\/wp\/v2\/tags?post=8784"}],"curies":[{"name":"wp","href":"https:\/\/api.w.org\/{rel}","templated":true}]}}