{"id":8781,"date":"2023-06-12T11:35:18","date_gmt":"2023-06-12T14:35:18","guid":{"rendered":"http:\/\/blogdodanielgalvao.com.br\/site\/?p=8781"},"modified":"2023-06-12T11:35:18","modified_gmt":"2023-06-12T14:35:18","slug":"instituida-comissao-responsavel-pelo-plano-municipal-de-seguranca-publica","status":"publish","type":"post","link":"https:\/\/blogdodanielgalvao.com.br\/site\/instituida-comissao-responsavel-pelo-plano-municipal-de-seguranca-publica\/","title":{"rendered":"Institu\u00edda comiss\u00e3o respons\u00e1vel pelo Plano Municipal de Seguran\u00e7a P\u00fablica"},"content":{"rendered":"<p>Ampliar os mecanismos que aprimorem a seguran\u00e7a p\u00fablica em Maca\u00e9. Com este objetivo a Prefeitura institui a Comiss\u00e3o Especial respons\u00e1vel pelo estudo e elabora\u00e7\u00e3o do Plano Municipal de Seguran\u00e7a P\u00fablica. A estimativa \u00e9 que a minuta do documento seja apresentada em dois meses.<\/p>\n<p>A Comiss\u00e3o \u00e9 composta pelo Secret\u00e1rio Municipal de Ordem P\u00fablica, Alan de Oliveira, pelo Secret\u00e1rio Municipal Adjunto de Seguran\u00e7a, Everson de Ara\u00fajo Coriolano; pelo Comandante da Guarda Municipal de Maca\u00e9, Alcino Claudino J\u00fanior; pelo Coordenador do Observat\u00f3rio Municipal de Seguran\u00e7a P\u00fablica, Vicente de Oliveira Teixeira, al\u00e9m do advogado Leonardo Ferreira.<\/p>\n<p>As reuni\u00f5es da Comiss\u00e3o j\u00e1 est\u00e3o em andamento. O plano prev\u00ea a cria\u00e7\u00e3o de a\u00e7\u00f5es e pol\u00edticas p\u00fablicas, a partir da identifica\u00e7\u00e3o de quest\u00f5es ligadas ao ordenamento social na cidade. A elabora\u00e7\u00e3o do documento \u00e9 uma contrapartida de Maca\u00e9, uma vez que o munic\u00edpio integra o Programa CidadeSusp \u2013 iniciativa do Minist\u00e9rio da Justi\u00e7a que amplia a capacidade de atua\u00e7\u00e3o dos munic\u00edpios em seguran\u00e7a p\u00fablica.<\/p>\n","protected":false},"excerpt":{"rendered":"<p>Ampliar os mecanismos que aprimorem a seguran\u00e7a p\u00fablica em Maca\u00e9. Com este objetivo a Prefeitura institui a Comiss\u00e3o Especial respons\u00e1vel pelo estudo e elabora\u00e7\u00e3o do Plano Municipal de Seguran\u00e7a P\u00fablica. A estimativa \u00e9 que a minuta do documento seja apresentada em dois meses. A Comiss\u00e3o \u00e9 composta pelo Secret\u00e1rio Municipal de Ordem P\u00fablica, Alan de [&hellip;]<\/p>\n","protected":false},"author":2,"featured_media":8782,"comment_status":"open","ping_status":"open","sticky":false,"template":"","format":"standard","meta":{"footnotes":""},"categories":[2],"tags":[],"class_list":["post-8781","post","type-post","status-publish","format-standard","has-post-thumbnail","hentry","category-macae"],"_links":{"self":[{"href":"https:\/\/blogdodanielgalvao.com.br\/site\/wp-json\/wp\/v2\/posts\/8781","targetHints":{"allow":["GET"]}}],"collection":[{"href":"https:\/\/blogdodanielgalvao.com.br\/site\/wp-json\/wp\/v2\/posts"}],"about":[{"href":"https:\/\/blogdodanielgalvao.com.br\/site\/wp-json\/wp\/v2\/types\/post"}],"author":[{"embeddable":true,"href":"https:\/\/blogdodanielgalvao.com.br\/site\/wp-json\/wp\/v2\/users\/2"}],"replies":[{"embeddable":true,"href":"https:\/\/blogdodanielgalvao.com.br\/site\/wp-json\/wp\/v2\/comments?post=8781"}],"version-history":[{"count":1,"href":"https:\/\/blogdodanielgalvao.com.br\/site\/wp-json\/wp\/v2\/posts\/8781\/revisions"}],"predecessor-version":[{"id":8783,"href":"https:\/\/blogdodanielgalvao.com.br\/site\/wp-json\/wp\/v2\/posts\/8781\/revisions\/8783"}],"wp:featuredmedia":[{"embeddable":true,"href":"https:\/\/blogdodanielgalvao.com.br\/site\/wp-json\/wp\/v2\/media\/8782"}],"wp:attachment":[{"href":"https:\/\/blogdodanielgalvao.com.br\/site\/wp-json\/wp\/v2\/media?parent=8781"}],"wp:term":[{"taxonomy":"category","embeddable":true,"href":"https:\/\/blogdodanielgalvao.com.br\/site\/wp-json\/wp\/v2\/categories?post=8781"},{"taxonomy":"post_tag","embeddable":true,"href":"https:\/\/blogdodanielgalvao.com.br\/site\/wp-json\/wp\/v2\/tags?post=8781"}],"curies":[{"name":"wp","href":"https:\/\/api.w.org\/{rel}","templated":true}]}}