{"id":8742,"date":"2023-06-06T09:22:36","date_gmt":"2023-06-06T12:22:36","guid":{"rendered":"http:\/\/blogdodanielgalvao.com.br\/site\/?p=8742"},"modified":"2023-06-06T09:22:36","modified_gmt":"2023-06-06T12:22:36","slug":"governador-exalta-o-rio-de-janeiro-como-um-mar-de-oportunidades-para-o-setor-energetico","status":"publish","type":"post","link":"https:\/\/blogdodanielgalvao.com.br\/site\/governador-exalta-o-rio-de-janeiro-como-um-mar-de-oportunidades-para-o-setor-energetico\/","title":{"rendered":"Governador exalta o Rio de Janeiro como um mar de oportunidades para o setor energ\u00e9tico"},"content":{"rendered":"<p>A primeira edi\u00e7\u00e3o do F\u00f3rum Brasileiro de L\u00edderes em Energia come\u00e7ou nesta quinta-feira (01\/6), no Hotel Fairmont, em Copacabana, com a presen\u00e7a do governador Cl\u00e1udio Castro, autoridades do setor e do Poder P\u00fablico. Durante dois dias, o encontro vai debater os temas urgentes do sistema el\u00e9trico brasileiro no contexto econ\u00f4mico nacional e global, e as transforma\u00e7\u00f5es que est\u00e3o ocorrendo no mercado de energia.<\/p>\n<p>Cl\u00e1udio Castro refor\u00e7ou que o diferencial do F\u00f3rum \u00e9 a oportunidade de abrir o di\u00e1logo entre o setor de energia e outros importantes segmentos da economia brasileira. E destacou a relev\u00e2ncia da \u00e1rea para o Estado do Rio, em sua gest\u00e3o, demonstrada com a separa\u00e7\u00e3o da Secretaria de Energia e Economia do Mar, desmembrada da Secretaria de Desenvolvimento Econ\u00f4mico.<\/p>\n<p>\u2013 \u00c9 fundamental n\u00e3o sairmos daqui hoje sem exaltar as nossas possibilidades e as nossas potencialidades, sobretudo no Rio de Janeiro, que consideramos a capital brasileira da energia. O Rio de Janeiro \u00e9 um mar de oportunidades para aqueles que querem investir no setor energ\u00e9tico \u2013 declarou Cl\u00e1udio Castro, ressaltando que a grande miss\u00e3o \u00e9 conjugar as demandas do setor com um bom relacionamento com o Congresso e com o Governo Federal, para que ocorram investimentos em infraestrutura, no segmento en\u00e9rgico, que possibilitem a reindustrializa\u00e7\u00e3o do Brasil.<\/p>\n<p>Entre os temas que ser\u00e3o discutidos no F\u00f3rum destacam-se a seguran\u00e7a energ\u00e9tica e o futuro do setor el\u00e9trico no Brasil, as tend\u00eancias do mercado, seguran\u00e7a jur\u00eddica e ambiente de neg\u00f3cios, oportunidades e o protagonismo do setor energ\u00e9tico na descarboniza\u00e7\u00e3o.<\/p>\n<p>&#8211; O minist\u00e9rio trabalha para que o Brasil se torne o grande l\u00edder mundial em energias renov\u00e1veis. Temos um movimento de transi\u00e7\u00e3o energ\u00e9tica muito forte no pa\u00eds para, atrav\u00e9s do g\u00e1s natural, promover a reindustrializa\u00e7\u00e3o brasileira. O g\u00e1s ser\u00e1 o grande ve\u00edculo condutor da industrializa\u00e7\u00e3o do pa\u00eds e da transi\u00e7\u00e3o energ\u00e9tica \u2013 concluiu Efraim Cruz, secret\u00e1rio executivo do Minist\u00e9rio de Minas e Energia.<\/p>\n<p>Tamb\u00e9m participaram do painel de abertura do evento o secret\u00e1rio de Estado de Energia e Economia do Mar, Hugo Leal, o CEO do F\u00f3rum, Marcelo Moraes, o vice-presidente da Firjan, Carlos Fernando Gross, e o diretor- geral da ANEEL, Sandoval Feitosa.<\/p>\n","protected":false},"excerpt":{"rendered":"<p>A primeira edi\u00e7\u00e3o do F\u00f3rum Brasileiro de L\u00edderes em Energia come\u00e7ou nesta quinta-feira (01\/6), no Hotel Fairmont, em Copacabana, com a presen\u00e7a do governador Cl\u00e1udio Castro, autoridades do setor e do Poder P\u00fablico. Durante dois dias, o encontro vai debater os temas urgentes do sistema el\u00e9trico brasileiro no contexto econ\u00f4mico nacional e global, e as [&hellip;]<\/p>\n","protected":false},"author":2,"featured_media":8743,"comment_status":"open","ping_status":"open","sticky":false,"template":"","format":"standard","meta":{"footnotes":""},"categories":[304],"tags":[],"class_list":["post-8742","post","type-post","status-publish","format-standard","has-post-thumbnail","hentry","category-rio-de-janeiro"],"_links":{"self":[{"href":"https:\/\/blogdodanielgalvao.com.br\/site\/wp-json\/wp\/v2\/posts\/8742","targetHints":{"allow":["GET"]}}],"collection":[{"href":"https:\/\/blogdodanielgalvao.com.br\/site\/wp-json\/wp\/v2\/posts"}],"about":[{"href":"https:\/\/blogdodanielgalvao.com.br\/site\/wp-json\/wp\/v2\/types\/post"}],"author":[{"embeddable":true,"href":"https:\/\/blogdodanielgalvao.com.br\/site\/wp-json\/wp\/v2\/users\/2"}],"replies":[{"embeddable":true,"href":"https:\/\/blogdodanielgalvao.com.br\/site\/wp-json\/wp\/v2\/comments?post=8742"}],"version-history":[{"count":1,"href":"https:\/\/blogdodanielgalvao.com.br\/site\/wp-json\/wp\/v2\/posts\/8742\/revisions"}],"predecessor-version":[{"id":8744,"href":"https:\/\/blogdodanielgalvao.com.br\/site\/wp-json\/wp\/v2\/posts\/8742\/revisions\/8744"}],"wp:featuredmedia":[{"embeddable":true,"href":"https:\/\/blogdodanielgalvao.com.br\/site\/wp-json\/wp\/v2\/media\/8743"}],"wp:attachment":[{"href":"https:\/\/blogdodanielgalvao.com.br\/site\/wp-json\/wp\/v2\/media?parent=8742"}],"wp:term":[{"taxonomy":"category","embeddable":true,"href":"https:\/\/blogdodanielgalvao.com.br\/site\/wp-json\/wp\/v2\/categories?post=8742"},{"taxonomy":"post_tag","embeddable":true,"href":"https:\/\/blogdodanielgalvao.com.br\/site\/wp-json\/wp\/v2\/tags?post=8742"}],"curies":[{"name":"wp","href":"https:\/\/api.w.org\/{rel}","templated":true}]}}