{"id":8737,"date":"2023-06-05T17:00:23","date_gmt":"2023-06-05T20:00:23","guid":{"rendered":"http:\/\/blogdodanielgalvao.com.br\/site\/?p=8737"},"modified":"2023-06-05T17:00:23","modified_gmt":"2023-06-05T20:00:23","slug":"na-abertura-do-8-cosud-claudio-castro-ressalta-papel-do-sul-e-sudeste-para-o-pais","status":"publish","type":"post","link":"https:\/\/blogdodanielgalvao.com.br\/site\/na-abertura-do-8-cosud-claudio-castro-ressalta-papel-do-sul-e-sudeste-para-o-pais\/","title":{"rendered":"Na abertura do 8\u00b0 Cosud, Cl\u00e1udio Castro ressalta papel do Sul e Sudeste para o pa\u00eds"},"content":{"rendered":"<p>O governador do Rio de Janeiro, Cl\u00e1udio Castro, participou nesta sexta-feira (02\/06) do primeiro dia do 8\u00b0 encontro do Cons\u00f3rcio de Integra\u00e7\u00e3o Sul e Sudeste (Cosud). Em sua fala durante a abertura do evento, Cl\u00e1udio Castro destacou o papel que as duas regi\u00f5es desempenham no cen\u00e1rio nacional\u00a0pontuando que, juntos, estes sete estados respondem por 80% da arrecada\u00e7\u00e3o federal. Ressaltou ainda a import\u00e2ncia do cons\u00f3rcio para aprimoramento de pol\u00edticas p\u00fablicas \u00e0 popula\u00e7\u00e3o. Na ocasi\u00e3o, Castro e os governadores Romeu Zema (MG), Renato Casagrande (ES), Ratinho Jr (PR), Jorginho Mello (SC) e Eduardo Leite (RS) assinaram um protocolo de inten\u00e7\u00f5es para formalizar o Cosud.<\/p>\n<p>A ideia \u00e9 que cada governo estadual encaminhe \u00e0s suas Assembleias Legislativas um projeto de lei para referendar a cria\u00e7\u00e3o oficial do Cons\u00f3rcio de Integra\u00e7\u00e3o Sul e Sudeste. O que, enfatizou Castro, ajudar\u00e1 na defesa de pautas das duas regi\u00f5es e, consequentemente, colaborando para todo o Brasil.<\/p>\n<p>\u2014\u00a0 Quero reiterar que o Cosud n\u00e3o \u00e9 um Cons\u00f3rcio de governadores, mas dos estados. \u00c9 um Cons\u00f3rcio que est\u00e1 amadurecendo e isso \u00e9 muito importante para a formaliza\u00e7\u00e3o e concep\u00e7\u00e3o de pol\u00edticas p\u00fablicas. N\u00f3s, estados do Sudeste e Sul, queremos caminhar juntos, \u00f3bvio que respeitando individualidades. Com a formaliza\u00e7\u00e3o, \u00e9 um cons\u00f3rcio que ganha um poder importante de opinar nas quest\u00f5es do Brasil. Essa \u00e9 a nossa ideia, ter um papel colaborativo para todo o pa\u00eds, e n\u00e3o de supremacia de opini\u00f5es \u2014 declarou Castro.<\/p>\n<p>Castro enfatizou que o Cosud \u00e9 apartid\u00e1rio e cumpre a miss\u00e3o de refor\u00e7ar a coopera\u00e7\u00e3o entre as duas regi\u00f5es que concentram mais de 70% do PIB do pa\u00eds e que re\u00fane os estados que representam 80% da arrecada\u00e7\u00e3o federal.<\/p>\n<p>O governador pontuou ainda que, apesar da contribui\u00e7\u00e3o essencial para o Brasil, esses sete estados respondem por 93% da d\u00edvida p\u00fablica com a Uni\u00e3o &#8211; o que, frisou Castro, deve ser debatido e enfrentado.<\/p>\n<p>\u2014 Temos um papel fundamental para o Brasil. Por isso que n\u00f3s, unidos, precisamos ser ouvidos. E o Cosud nos traz essa grande oportunidade. Ent\u00e3o, quero reiterar a alegria de estar aqui em Minas Gerais, come\u00e7ando o segundo ciclo de eventos do Cons\u00f3rcio, e retomando esses debates essenciais \u00a0\u2014 acrescentou o governador do Rio de Janeiro.<\/p>\n<p>Anfitri\u00e3o do 8\u00b0 encontro do Cosud, Romeu Zema afirmou que as duas regi\u00f5es que comp\u00f5em o Cosud representam, juntas, a economia do M\u00e9xico.<\/p>\n<p>\u2014 Esse Cons\u00f3rcio est\u00e1 muito \u00e0 frente de outros pa\u00edses. \u00c9 um cons\u00f3rcio que re\u00fane estados muito produtivos e que precisa opinar e mostrar aquilo que funciona \u2014 disse Zema.<\/p>\n<p><strong>Reforma Tribut\u00e1ria<\/strong><\/p>\n<p>Outro ponto colocado entre os governadores foi a necessidade de se conhecer o texto final da Reforma Tribut\u00e1ria, que est\u00e1 em discuss\u00e3o no Congresso Nacional. Al\u00e9m disso, defenderam, no \u00e2mbito da reforma, a cria\u00e7\u00e3o de novos fundos de desenvolvimento, como um voltado para o Sul e Sudeste. Os fundos teriam como foco a redu\u00e7\u00e3o das desigualdades entre as regi\u00f5es do pa\u00eds.<\/p>\n<p>\u2014 Tivemos um encontro h\u00e1 poucas semanas no Rio de Janeiro e l\u00e1 falamos sobre nossas inquietudes a respeito da reforma. A Reforma Tribut\u00e1ria \u00e9 fundamental, mas \u00e9 dif\u00edcil que a gente consiga ter ideias claras sem ler o texto. E olharemos a proposta tamb\u00e9m pela \u00f3tica das regi\u00f5es. Precisamos conhecer todas as premissas do texto para trabalhar a pauta defendendo o Sul e o Sudeste e pensando no melhor projeto para todo o pa\u00eds \u2014 disse Cl\u00e1udio Castro.<\/p>\n","protected":false},"excerpt":{"rendered":"<p>O governador do Rio de Janeiro, Cl\u00e1udio Castro, participou nesta sexta-feira (02\/06) do primeiro dia do 8\u00b0 encontro do Cons\u00f3rcio de Integra\u00e7\u00e3o Sul e Sudeste (Cosud). Em sua fala durante a abertura do evento, Cl\u00e1udio Castro destacou o papel que as duas regi\u00f5es desempenham no cen\u00e1rio nacional\u00a0pontuando que, juntos, estes sete estados respondem por 80% [&hellip;]<\/p>\n","protected":false},"author":2,"featured_media":8738,"comment_status":"open","ping_status":"open","sticky":false,"template":"","format":"standard","meta":{"footnotes":""},"categories":[304],"tags":[],"class_list":["post-8737","post","type-post","status-publish","format-standard","has-post-thumbnail","hentry","category-rio-de-janeiro"],"_links":{"self":[{"href":"https:\/\/blogdodanielgalvao.com.br\/site\/wp-json\/wp\/v2\/posts\/8737","targetHints":{"allow":["GET"]}}],"collection":[{"href":"https:\/\/blogdodanielgalvao.com.br\/site\/wp-json\/wp\/v2\/posts"}],"about":[{"href":"https:\/\/blogdodanielgalvao.com.br\/site\/wp-json\/wp\/v2\/types\/post"}],"author":[{"embeddable":true,"href":"https:\/\/blogdodanielgalvao.com.br\/site\/wp-json\/wp\/v2\/users\/2"}],"replies":[{"embeddable":true,"href":"https:\/\/blogdodanielgalvao.com.br\/site\/wp-json\/wp\/v2\/comments?post=8737"}],"version-history":[{"count":1,"href":"https:\/\/blogdodanielgalvao.com.br\/site\/wp-json\/wp\/v2\/posts\/8737\/revisions"}],"predecessor-version":[{"id":8739,"href":"https:\/\/blogdodanielgalvao.com.br\/site\/wp-json\/wp\/v2\/posts\/8737\/revisions\/8739"}],"wp:featuredmedia":[{"embeddable":true,"href":"https:\/\/blogdodanielgalvao.com.br\/site\/wp-json\/wp\/v2\/media\/8738"}],"wp:attachment":[{"href":"https:\/\/blogdodanielgalvao.com.br\/site\/wp-json\/wp\/v2\/media?parent=8737"}],"wp:term":[{"taxonomy":"category","embeddable":true,"href":"https:\/\/blogdodanielgalvao.com.br\/site\/wp-json\/wp\/v2\/categories?post=8737"},{"taxonomy":"post_tag","embeddable":true,"href":"https:\/\/blogdodanielgalvao.com.br\/site\/wp-json\/wp\/v2\/tags?post=8737"}],"curies":[{"name":"wp","href":"https:\/\/api.w.org\/{rel}","templated":true}]}}