{"id":8734,"date":"2023-06-03T20:43:15","date_gmt":"2023-06-03T23:43:15","guid":{"rendered":"http:\/\/blogdodanielgalvao.com.br\/site\/?p=8734"},"modified":"2023-06-03T20:43:15","modified_gmt":"2023-06-03T23:43:15","slug":"governo-celebra-marca-de-46-mil-novos-empregos-gerados","status":"publish","type":"post","link":"https:\/\/blogdodanielgalvao.com.br\/site\/governo-celebra-marca-de-46-mil-novos-empregos-gerados\/","title":{"rendered":"Governo celebra marca de 4,6 mil novos empregos gerados"},"content":{"rendered":"<div>Maca\u00e9 mant\u00e9m a lideran\u00e7a regional em gera\u00e7\u00e3o de empregos ao alcan\u00e7ar neste ano a marca de mais de 4,6 mil novos postos de trabalho criados a partir da retomada da din\u00e2mica de investimentos e de neg\u00f3cios j\u00e1 consolidada pela cadeia produtiva de \u00f3leo, g\u00e1s e energia.<\/div>\n<div>A cidade registrou apenas em abril cerca de 1,1 mil novos empregos, segundo os dados atualizados nesta quinta-feira (1) pelo Cadastro Geral de Empregados e Desempregados (Caged), do Minist\u00e9rio do Trabalho.<\/p>\n<p>De acordo com este levantamento, a constru\u00e7\u00e3o civil e a ind\u00fastria offshore s\u00e3o os principais empregadores do munic\u00edpio, segmentos que refletem hoje as pol\u00edticas p\u00fablicas realizadas pelo governo para fortalecer o novo ambiente de neg\u00f3cios da cidade.<\/p><\/div>\n<p>&nbsp;<\/p>\n<blockquote>\n<div>\u201cO emprego \u00e9, sem d\u00favidas, o principal resultado do trabalho realizado pelo governo para facilitar processos e garantir a tomada da decis\u00e3o de investimentos que se consolidam em Maca\u00e9. Celebramos esse resultado porque entendemos que o trabalho \u00e9 garantia da dignidade para mais fam\u00edlias macaenses\u201d, destacou o prefeito Welberth Rezende.<\/div>\n<\/blockquote>\n","protected":false},"excerpt":{"rendered":"<p>Maca\u00e9 mant\u00e9m a lideran\u00e7a regional em gera\u00e7\u00e3o de empregos ao alcan\u00e7ar neste ano a marca de mais de 4,6 mil novos postos de trabalho criados a partir da retomada da din\u00e2mica de investimentos e de neg\u00f3cios j\u00e1 consolidada pela cadeia produtiva de \u00f3leo, g\u00e1s e energia. A cidade registrou apenas em abril cerca de 1,1 [&hellip;]<\/p>\n","protected":false},"author":2,"featured_media":8735,"comment_status":"open","ping_status":"open","sticky":false,"template":"","format":"standard","meta":{"footnotes":""},"categories":[2],"tags":[],"class_list":["post-8734","post","type-post","status-publish","format-standard","has-post-thumbnail","hentry","category-macae"],"_links":{"self":[{"href":"https:\/\/blogdodanielgalvao.com.br\/site\/wp-json\/wp\/v2\/posts\/8734","targetHints":{"allow":["GET"]}}],"collection":[{"href":"https:\/\/blogdodanielgalvao.com.br\/site\/wp-json\/wp\/v2\/posts"}],"about":[{"href":"https:\/\/blogdodanielgalvao.com.br\/site\/wp-json\/wp\/v2\/types\/post"}],"author":[{"embeddable":true,"href":"https:\/\/blogdodanielgalvao.com.br\/site\/wp-json\/wp\/v2\/users\/2"}],"replies":[{"embeddable":true,"href":"https:\/\/blogdodanielgalvao.com.br\/site\/wp-json\/wp\/v2\/comments?post=8734"}],"version-history":[{"count":1,"href":"https:\/\/blogdodanielgalvao.com.br\/site\/wp-json\/wp\/v2\/posts\/8734\/revisions"}],"predecessor-version":[{"id":8736,"href":"https:\/\/blogdodanielgalvao.com.br\/site\/wp-json\/wp\/v2\/posts\/8734\/revisions\/8736"}],"wp:featuredmedia":[{"embeddable":true,"href":"https:\/\/blogdodanielgalvao.com.br\/site\/wp-json\/wp\/v2\/media\/8735"}],"wp:attachment":[{"href":"https:\/\/blogdodanielgalvao.com.br\/site\/wp-json\/wp\/v2\/media?parent=8734"}],"wp:term":[{"taxonomy":"category","embeddable":true,"href":"https:\/\/blogdodanielgalvao.com.br\/site\/wp-json\/wp\/v2\/categories?post=8734"},{"taxonomy":"post_tag","embeddable":true,"href":"https:\/\/blogdodanielgalvao.com.br\/site\/wp-json\/wp\/v2\/tags?post=8734"}],"curies":[{"name":"wp","href":"https:\/\/api.w.org\/{rel}","templated":true}]}}