{"id":8730,"date":"2023-06-02T17:38:27","date_gmt":"2023-06-02T20:38:27","guid":{"rendered":"http:\/\/blogdodanielgalvao.com.br\/site\/?p=8730"},"modified":"2023-06-02T17:38:27","modified_gmt":"2023-06-02T20:38:27","slug":"camara-de-macae-aprova-politica-municipal-de-praticas-integrativas-e-complementares-em-saude","status":"publish","type":"post","link":"https:\/\/blogdodanielgalvao.com.br\/site\/camara-de-macae-aprova-politica-municipal-de-praticas-integrativas-e-complementares-em-saude\/","title":{"rendered":"C\u00e2mara de Maca\u00e9 aprova Pol\u00edtica Municipal de Pr\u00e1ticas Integrativas e Complementares em Sa\u00fade"},"content":{"rendered":"<p>A C\u00e2mara Municipal de Maca\u00e9 aprovou, nesta quarta-feira (31), o\u00a0<a href=\"https:\/\/sapl.macae.rj.leg.br\/media\/sapl\/public\/materialegislativa\/2023\/20836\/pl_-__pics_-.pdf\">Projeto de Lei do Legislativo (PL) 42\/2023<\/a>, que cria a Pol\u00edtica Municipal de Pr\u00e1ticas Integrativas e Complementares em Sa\u00fade (PICS). A proposta foi feita pelo vereador Reginaldo do Hospital (Podemos) e obteve 12 votos favor\u00e1veis. A medida vai viabilizar a implanta\u00e7\u00e3o e a manuten\u00e7\u00e3o de 33 pr\u00e1ticas terap\u00eauticas, que passar\u00e3o a ser oferecidas aos usu\u00e1rios do SUS na cidade, sendo 29 delas j\u00e1 regulamentadas em \u00e2mbito nacional desde 2006.<\/p>\n<p>Para Reginaldo, a implementa\u00e7\u00e3o das PICS pode ajudar n\u00e3o apenas na preven\u00e7\u00e3o e promo\u00e7\u00e3o da sa\u00fade dos cidad\u00e3os, mas tamb\u00e9m na gest\u00e3o e no planejamento municipal. \u201cO investimento necess\u00e1rio \u00e9 pequeno se comparado aos benef\u00edcios obtidos. Pois sua utiliza\u00e7\u00e3o gera uma economia nos tratamentos convencionais, que s\u00e3o bem mais caros, sobretudo os de m\u00e9dia e alta complexidade\u201d, argumentou Reginaldo.<\/p>\n<p><strong>Benef\u00edcios para a popula\u00e7\u00e3o<\/strong><\/p>\n<p>O professor de Ci\u00eancias Farmac\u00eauticas e pesquisador do Centro Multidisciplinar da UFRJ em Maca\u00e9, Mois\u00e9s Marinho, foi convidado por Reginaldo a explicar o impacto da medida para a qualidade de vida dos macaenses. \u201cTodas as pr\u00e1ticas terap\u00eauticas t\u00eam comprova\u00e7\u00e3o cient\u00edfica e, agora, poder\u00e3o ser usadas na preven\u00e7\u00e3o de doen\u00e7as e manuten\u00e7\u00e3o da sa\u00fade da popula\u00e7\u00e3o\u201d.<\/p>\n<p>Segundo Mois\u00e9s, as PICS j\u00e1 s\u00e3o largamente utilizadas no tratamento de transtornos mentais como ansiedade, depress\u00e3o, estresse, hipertens\u00e3o, dores cr\u00f4nicas, c\u00e2ncer e diabetes, entre outras enfermidades.<\/p>\n<p>Al\u00e9m das terapias j\u00e1 regulamentadas pelo SUS \u2013 como yoga, medita\u00e7\u00e3o, acupuntura, homeopatia, medicina chinesa, aromaterapia, quiropraxia, florais, ayurveda e cromoterapia, entre outras \u2013 Maca\u00e9 ainda poder\u00e1 oferecer terapia neural, hidroterapia, biomagnetismo e a conex\u00e3o com a natureza como tratamentos complementares de sa\u00fade.<\/p>\n<p>\u201cAinda buscamos adicionar essas quatro pr\u00e1ticas ao plano nacional das PICS. Contudo, em Maca\u00e9 elas j\u00e1 foram acrescentadas ao plano municipal, possibilitando ao Executivo utilizar as piscinas dos Cemeas e as \u00e1reas de preserva\u00e7\u00e3o ambiental na cidade como espa\u00e7os terap\u00eauticos\u201d, esclareceu o professor da UFRJ.<\/p>\n<p><strong>Gest\u00e3o mais eficiente<\/strong><\/p>\n<p>O fisioterapeuta, acupunturista e servidor do Legislativo Nichollas Ribeiro comemorou a aprova\u00e7\u00e3o do PL. Ele tamb\u00e9m participou da explana\u00e7\u00e3o sobre as PICS. \u201cN\u00e3o se trata apenas de \u2018desafogar\u2019 a rede de alta e m\u00e9dia complexidade, mas tamb\u00e9m de ter uma gest\u00e3o mais eficiente, al\u00e9m de reconhecer e valorizar esses profissionais\u201d.<\/p>\n<p>O presidente do Legislativo, Cesinha (Solidariedade) defendeu um melhor planejamento na Sa\u00fade. Para ele, n\u00e3o \u00e9 aceit\u00e1vel a cidade ter um or\u00e7amento alto que n\u00e3o se reverta em benef\u00edcios para a popula\u00e7\u00e3o. \u201cPrecisamos de investimentos na aten\u00e7\u00e3o b\u00e1sica e garantir que n\u00e3o faltem medicamentos, nem profissionais para atender a popula\u00e7\u00e3o\u201d.<\/p>\n<p>Ele ainda destacou a necessidade de valoriza\u00e7\u00e3o dos servidores, com a cria\u00e7\u00e3o de um bom ambiente de trabalho e remunera\u00e7\u00e3o adequada. \u201cA informatiza\u00e7\u00e3o da sa\u00fade tamb\u00e9m pode ajudar bastante na gest\u00e3o\u201d, concluiu se declarando favor\u00e1vel ao projeto.<\/p>\n","protected":false},"excerpt":{"rendered":"<p>A C\u00e2mara Municipal de Maca\u00e9 aprovou, nesta quarta-feira (31), o\u00a0Projeto de Lei do Legislativo (PL) 42\/2023, que cria a Pol\u00edtica Municipal de Pr\u00e1ticas Integrativas e Complementares em Sa\u00fade (PICS). A proposta foi feita pelo vereador Reginaldo do Hospital (Podemos) e obteve 12 votos favor\u00e1veis. A medida vai viabilizar a implanta\u00e7\u00e3o e a manuten\u00e7\u00e3o de 33 [&hellip;]<\/p>\n","protected":false},"author":2,"featured_media":8731,"comment_status":"open","ping_status":"open","sticky":false,"template":"","format":"standard","meta":{"footnotes":""},"categories":[2],"tags":[],"class_list":["post-8730","post","type-post","status-publish","format-standard","has-post-thumbnail","hentry","category-macae"],"_links":{"self":[{"href":"https:\/\/blogdodanielgalvao.com.br\/site\/wp-json\/wp\/v2\/posts\/8730","targetHints":{"allow":["GET"]}}],"collection":[{"href":"https:\/\/blogdodanielgalvao.com.br\/site\/wp-json\/wp\/v2\/posts"}],"about":[{"href":"https:\/\/blogdodanielgalvao.com.br\/site\/wp-json\/wp\/v2\/types\/post"}],"author":[{"embeddable":true,"href":"https:\/\/blogdodanielgalvao.com.br\/site\/wp-json\/wp\/v2\/users\/2"}],"replies":[{"embeddable":true,"href":"https:\/\/blogdodanielgalvao.com.br\/site\/wp-json\/wp\/v2\/comments?post=8730"}],"version-history":[{"count":1,"href":"https:\/\/blogdodanielgalvao.com.br\/site\/wp-json\/wp\/v2\/posts\/8730\/revisions"}],"predecessor-version":[{"id":8732,"href":"https:\/\/blogdodanielgalvao.com.br\/site\/wp-json\/wp\/v2\/posts\/8730\/revisions\/8732"}],"wp:featuredmedia":[{"embeddable":true,"href":"https:\/\/blogdodanielgalvao.com.br\/site\/wp-json\/wp\/v2\/media\/8731"}],"wp:attachment":[{"href":"https:\/\/blogdodanielgalvao.com.br\/site\/wp-json\/wp\/v2\/media?parent=8730"}],"wp:term":[{"taxonomy":"category","embeddable":true,"href":"https:\/\/blogdodanielgalvao.com.br\/site\/wp-json\/wp\/v2\/categories?post=8730"},{"taxonomy":"post_tag","embeddable":true,"href":"https:\/\/blogdodanielgalvao.com.br\/site\/wp-json\/wp\/v2\/tags?post=8730"}],"curies":[{"name":"wp","href":"https:\/\/api.w.org\/{rel}","templated":true}]}}